{"id":41252,"date":"2019-06-28T17:13:44","date_gmt":"2019-06-28T23:13:44","guid":{"rendered":"https:\/\/sspo.gob.mx\/?p=41252"},"modified":"2019-06-28T17:13:44","modified_gmt":"2019-06-28T23:13:44","slug":"realiza-policia-estatal-dos-aseguramiento-en-el-istmo","status":"publish","type":"post","link":"https:\/\/www.sspo.gob.mx\/?p=41252","title":{"rendered":"REALIZA POLIC\u00cdA ESTATAL DOS ASEGURAMIENTO EN EL ISTMO"},"content":{"rendered":"\n<p>Durante recorridos para reforzar la seguridad y prevenir conductas delictivas en el Estado, personal de la Polic\u00eda Estatal asegur\u00f3 en la regi\u00f3n del Istmo un arma de fuego y ocho bolsitas conteniendo polvo blanco presumiblemente coca\u00edna. <\/p>\n\n\n\n<p>La primera intervenci\u00f3n policial se efectu\u00f3 en la carretera local tramo la Refiner\u00eda a San Pedro Huilotepec, cuando al realizarle una inspecci\u00f3n preventiva a M. R. de 36 a\u00f1os de edad, quien viaja en una motocicleta tipo Vent\u00f3 V2 B122 TYPE, color negro con franjas blanco y naranja, con n\u00famero de serie LB7VBGBD5K1000943, le fueron localizadas ocho bolsitas de nailon transparente conteniendo polvo blanco presumiblemente coca\u00edna. <\/p>\n\n\n\n<p>As\u00ed tambi\u00e9n, sobre la calle Riveras del R\u00edo esquina con Pino Su\u00e1rez en la Octava Secci\u00f3n de Juchit\u00e1n de Zaragoza, se efectu\u00f3 la detenci\u00f3n de V. V. de 49 a\u00f1os de edad, por portar un arma de fuego de fabricaci\u00f3n artesanal (hechiza), color negro. <\/p>\n\n\n\n<p>Cabe recalcar que las personas y los objetos fueron trasladados y puestos a disposici\u00f3n de las autoridades correspondientes, quienes determinar\u00e1n su situaci\u00f3n jur\u00eddica.<\/p>\n\n\n\n<figure class=\"wp-block-image\"><img loading=\"lazy\" decoding=\"async\" width=\"687\" height=\"719\" src=\"https:\/\/sspo.gob.mx\/wp-content\/uploads\/2019\/06\/Foto-2.png\" alt=\"\" class=\"wp-image-41253\"\/><\/figure>\n","protected":false},"excerpt":{"rendered":"<p>Durante recorridos para reforzar la seguridad y prevenir conductas delictivas en el Estado, personal de la Polic\u00eda Estatal asegur\u00f3 en<\/p>\n","protected":false},"author":2,"featured_media":41254,"comment_status":"closed","ping_status":"open","sticky":false,"template":"","format":"standard","meta":{"footnotes":""},"categories":[7],"tags":[],"_links":{"self":[{"href":"https:\/\/www.sspo.gob.mx\/index.php?rest_route=\/wp\/v2\/posts\/41252"}],"collection":[{"href":"https:\/\/www.sspo.gob.mx\/index.php?rest_route=\/wp\/v2\/posts"}],"about":[{"href":"https:\/\/www.sspo.gob.mx\/index.php?rest_route=\/wp\/v2\/types\/post"}],"author":[{"embeddable":true,"href":"https:\/\/www.sspo.gob.mx\/index.php?rest_route=\/wp\/v2\/users\/2"}],"replies":[{"embeddable":true,"href":"https:\/\/www.sspo.gob.mx\/index.php?rest_route=%2Fwp%2Fv2%2Fcomments&post=41252"}],"version-history":[{"count":1,"href":"https:\/\/www.sspo.gob.mx\/index.php?rest_route=\/wp\/v2\/posts\/41252\/revisions"}],"predecessor-version":[{"id":41255,"href":"https:\/\/www.sspo.gob.mx\/index.php?rest_route=\/wp\/v2\/posts\/41252\/revisions\/41255"}],"wp:featuredmedia":[{"embeddable":true,"href":"https:\/\/www.sspo.gob.mx\/index.php?rest_route=\/wp\/v2\/media\/41254"}],"wp:attachment":[{"href":"https:\/\/www.sspo.gob.mx\/index.php?rest_route=%2Fwp%2Fv2%2Fmedia&parent=41252"}],"wp:term":[{"taxonomy":"category","embeddable":true,"href":"https:\/\/www.sspo.gob.mx\/index.php?rest_route=%2Fwp%2Fv2%2Fcategories&post=41252"},{"taxonomy":"post_tag","embeddable":true,"href":"https:\/\/www.sspo.gob.mx\/index.php?rest_route=%2Fwp%2Fv2%2Ftags&post=41252"}],"curies":[{"name":"wp","href":"https:\/\/api.w.org\/{rel}","templated":true}]}}