{"id":42535,"date":"2019-09-25T15:24:52","date_gmt":"2019-09-25T21:24:52","guid":{"rendered":"https:\/\/sspo.gob.mx\/?p=42535"},"modified":"2019-09-25T15:47:32","modified_gmt":"2019-09-25T21:47:32","slug":"el-fortalecimiento-institucional-ha-permitido-avanzar-en-la-reduccion-de-indices-delictivos-en-oaxaca","status":"publish","type":"post","link":"https:\/\/www.sspo.gob.mx\/?p=42535","title":{"rendered":"EL FORTALECIMIENTO INSTITUCIONAL HA PERMITIDO AVANZAR EN LA REDUCCI\u00d3N DE \u00cdNDICES DELICTIVOS EN OAXACA"},"content":{"rendered":"\n<p><\/p>\n\n\n\n<p><\/p>\n\n\n\n<p>Como\nresultado de la fortaleza institucional particularmente entre las instancias de\nseguridad p\u00fablica de los tres niveles de gobierno, durante la administraci\u00f3n\ndel gobernador Alejandro Murat se ha logrado avanzar en la reducci\u00f3n de \u00edndices\ndelictivos.<\/p>\n\n\n\n<p>En conferencia de prensa, el\ntitular de la Secretar\u00eda de Seguridad P\u00fablica de Oaxaca, Ra\u00fal Ernesto Salcedo\nRosales destac\u00f3 la menci\u00f3n que el presidente de M\u00e9xico, Andr\u00e9s Manuel L\u00f3pez\nObrador hizo de la entidad oaxaque\u00f1a recientemente, como uno de los estados que\nha avanzado en la materia.<\/p>\n\n\n\n<p>Expres\u00f3 que desde el despliegue de la Guardia Nacional, hace tres meses, la coordinaci\u00f3n con las \u00e1reas de seguridad del estado y otras \u00e1reas federales ha sido fundamental para ir avanzando en materia de seguridad p\u00fablica, lo que ha permitido sostener reuniones con presidentes municipales de la costa, ca\u00f1ada y cuenca, y se han instalado comit\u00e9s vecinales de seguridad.<\/p>\n\n\n\n<figure class=\"wp-block-image\"><img decoding=\"async\" src=\"https:\/\/sspo.gob.mx\/wp-content\/uploads\/2019\/09\/be651b72-b607-4de2-8788-b22fb4b7d9f5-1024x682.jpg\" alt=\"\"\/><\/figure>\n\n\n\n<p>Se\u00f1al\u00f3 que en lo que va de este\nmes se han realizado 792 operativos coordinados, siete mil 140 recorridos de\nseguridad y vigilancia, siete mil 600 acciones de proximidad, cuatro mil 300\ninspecciones a motocicletas, 58 mil 356 inspecciones a veh\u00edculos y 80 mil\ninspecciones a personas; asimismo se han instalado dos mil 961 puestos de\ncontrol y se han registrado 355 inspecciones a bares.<\/p>\n\n\n\n<p>En su oportunidad, el fiscal\ngeneral del Estado de Oaxaca, Rub\u00e9n Vasconcelos M\u00e9ndez, expres\u00f3 que el trabajo\nque se realiza tiene dos vertientes importantes: el combate frontal al crimen\ncon el objetivo de reducir la incidencia delictiva y la labor de determinaci\u00f3n\nde casos para reducir la impunidad.<\/p>\n\n\n\n<p>De esta manera, expres\u00f3 que en lo que va del mes se han realizado 206 detenciones de flagrancia, 52 detenciones por orden de aprehensi\u00f3n, 13 por homicidio, uno por feminicidio y uno por parricidio; as\u00ed como tres por secuestro, dos por desaparici\u00f3n, cuatro por extorci\u00f3n, nueve por delitos sexuales y siete por delitos contra la salud.<\/p>\n\n\n\n<figure class=\"wp-block-image\"><img decoding=\"async\" src=\"https:\/\/sspo.gob.mx\/wp-content\/uploads\/2019\/09\/e1f4311c-8f98-4273-a01f-b453d91c14f5-1024x682.jpg\" alt=\"\"\/><\/figure>\n\n\n\n<p>En este reporte de resultados, anunci\u00f3 que como parte de los trabajo de inteligencia, se han logrado golpes certeros de combate al crimen como la detenci\u00f3n de un grupo de personas en Huautla de Jim\u00e9nez dedicadas al tr\u00e1fico de personas y narcomenudeo; as\u00ed como la detenci\u00f3n de todos los integrantes del grupo delictivo Antrax en el Istmo de Tehuantepec.<\/p>\n\n\n\n<p>El coordinador estatal de la\nGuardia Nacional, General Mart\u00edn Jim\u00e9nez Olvera expres\u00f3 que en la etapa\nincipiente de esta este cuerpo de seguridad, la funci\u00f3n principal que han\ndesplegado es de proximidad social, as\u00ed como el apoyo al Instituto Nacional de\nMigraci\u00f3n.<\/p>\n\n\n\n<p>\u201cDiariamente y desde muy temprano\ndesplegamos m\u00e1s de mil efectivos para la protecci\u00f3n de las y los estudiantes en\nlas escuelas, \u00e1reas comerciales, centros bancarios, las colonias marginadas y\nen el centro de la ciudad\u201d, dijo.<\/p>\n\n\n\n<p>En la conferencia de prensa tambi\u00e9n estuvieron presentes el coordinador general de Comunicaci\u00f3n Social y Vocer\u00eda del Gobierno del Estado, Alfonso Mart\u00ednez C\u00f3rdoba; as\u00ed como el Capit\u00e1n de Nav\u00edo&nbsp; Jorge Manuel Bravo, en representaci\u00f3n del Comandante de la 12 Zona Naval Omar Cabrera Cobos.<\/p>\n\n\n\n<p><strong>Oaxaca de Ju\u00e1rez, Oax. 25 de septiembre de 2019.<\/strong><\/p>\n","protected":false},"excerpt":{"rendered":"<p>Como resultado de la fortaleza institucional particularmente entre las instancias de seguridad p\u00fablica de los tres niveles de gobierno, durante<\/p>\n","protected":false},"author":2,"featured_media":42540,"comment_status":"closed","ping_status":"open","sticky":false,"template":"","format":"standard","meta":{"footnotes":""},"categories":[7],"tags":[],"_links":{"self":[{"href":"https:\/\/www.sspo.gob.mx\/index.php?rest_route=\/wp\/v2\/posts\/42535"}],"collection":[{"href":"https:\/\/www.sspo.gob.mx\/index.php?rest_route=\/wp\/v2\/posts"}],"about":[{"href":"https:\/\/www.sspo.gob.mx\/index.php?rest_route=\/wp\/v2\/types\/post"}],"author":[{"embeddable":true,"href":"https:\/\/www.sspo.gob.mx\/index.php?rest_route=\/wp\/v2\/users\/2"}],"replies":[{"embeddable":true,"href":"https:\/\/www.sspo.gob.mx\/index.php?rest_route=%2Fwp%2Fv2%2Fcomments&post=42535"}],"version-history":[{"count":2,"href":"https:\/\/www.sspo.gob.mx\/index.php?rest_route=\/wp\/v2\/posts\/42535\/revisions"}],"predecessor-version":[{"id":42542,"href":"https:\/\/www.sspo.gob.mx\/index.php?rest_route=\/wp\/v2\/posts\/42535\/revisions\/42542"}],"wp:featuredmedia":[{"embeddable":true,"href":"https:\/\/www.sspo.gob.mx\/index.php?rest_route=\/wp\/v2\/media\/42540"}],"wp:attachment":[{"href":"https:\/\/www.sspo.gob.mx\/index.php?rest_route=%2Fwp%2Fv2%2Fmedia&parent=42535"}],"wp:term":[{"taxonomy":"category","embeddable":true,"href":"https:\/\/www.sspo.gob.mx\/index.php?rest_route=%2Fwp%2Fv2%2Fcategories&post=42535"},{"taxonomy":"post_tag","embeddable":true,"href":"https:\/\/www.sspo.gob.mx\/index.php?rest_route=%2Fwp%2Fv2%2Ftags&post=42535"}],"curies":[{"name":"wp","href":"https:\/\/api.w.org\/{rel}","templated":true}]}}