{"id":43533,"date":"2019-11-19T12:31:29","date_gmt":"2019-11-19T18:31:29","guid":{"rendered":"https:\/\/sspo.gob.mx\/?p=43533"},"modified":"2019-11-19T12:31:30","modified_gmt":"2019-11-19T18:31:30","slug":"43533","status":"publish","type":"post","link":"https:\/\/www.sspo.gob.mx\/?p=43533","title":{"rendered":""},"content":{"rendered":"\n<p>En coordinaci\u00f3n con la\u00a0<a href=\"https:\/\/www.facebook.com\/SEMOVIGobOax\/?__tn__=K-R&amp;eid=ARAirkeitz3Jf4yUtxnrT9sxXz7hM7lTFFqasC27CcD1sgQ3Q545Rpup4G8DlSgrXycBQ2ynYEz75Dvd&amp;fref=mentions&amp;__xts__%5B0%5D=68.ARBEVaDAED5GLmLjpPu3bMljG7mOuw4iNPStXNu3CeAZjou-MPAEtywGGGSlrSnvGsLfXL3cEW9h21MZN6OzF9LsOBICxMUykya3zk32K4-229qOfadMRohnfyALWtN4DYuqTueJo72okcxhmEk47jglna_fmW7QsSzKRQVjCkKyZYCN3QCkQdCMFRMgRdPlLuB23ltO5GWo6ZTcbek4lA3n3xbb2SqpNszZ91OjziJpc_akaJPdQnAsTQFnuhOZBTDIJlBaYviMgg4EqEqs0Wx_1oQl_7A_wAh9fdgN124YiUXnwtecO_zREjzqZUcm9MoAlHcILIkn0qKktZ_kpSGSsQ\">Secretar\u00eda de Movilidad Oaxaca<\/a>, personal administrativo de esta Secretar\u00eda realiz\u00f3 un volanteo informativo en la Zona Norte de la Ciudad, de la\u00a0<a href=\"https:\/\/www.facebook.com\/hashtag\/rutasegura?source=feed_text&amp;epa=HASHTAG&amp;__xts__%5B0%5D=68.ARBEVaDAED5GLmLjpPu3bMljG7mOuw4iNPStXNu3CeAZjou-MPAEtywGGGSlrSnvGsLfXL3cEW9h21MZN6OzF9LsOBICxMUykya3zk32K4-229qOfadMRohnfyALWtN4DYuqTueJo72okcxhmEk47jglna_fmW7QsSzKRQVjCkKyZYCN3QCkQdCMFRMgRdPlLuB23ltO5GWo6ZTcbek4lA3n3xbb2SqpNszZ91OjziJpc_akaJPdQnAsTQFnuhOZBTDIJlBaYviMgg4EqEqs0Wx_1oQl_7A_wAh9fdgN124YiUXnwtecO_zREjzqZUcm9MoAlHcILIkn0qKktZ_kpSGSsQ&amp;__tn__=%2ANK-R\">Ruta Segura<\/a>, en su trayecto 1a. Etapa &#8211; Unidad Habitacional Ricardo Flores Mag\u00f3n &#8211; Central de Abasto.  Vamos en la ruta correcta.<\/p>\n\n\n\n<figure class=\"wp-block-image\"><img loading=\"lazy\" decoding=\"async\" width=\"1024\" height=\"924\" src=\"https:\/\/sspo.gob.mx\/wp-content\/uploads\/2019\/11\/WhatsApp-Image-2019-11-19-at-11.55.38-1024x924.jpeg\" alt=\"\" class=\"wp-image-43534\" srcset=\"https:\/\/www.sspo.gob.mx\/wp-content\/uploads\/2019\/11\/WhatsApp-Image-2019-11-19-at-11.55.38.jpeg 1024w, https:\/\/www.sspo.gob.mx\/wp-content\/uploads\/2019\/11\/WhatsApp-Image-2019-11-19-at-11.55.38-300x271.jpeg 300w, https:\/\/www.sspo.gob.mx\/wp-content\/uploads\/2019\/11\/WhatsApp-Image-2019-11-19-at-11.55.38-768x693.jpeg 768w\" sizes=\"(max-width: 1024px) 100vw, 1024px\" \/><\/figure>\n","protected":false},"excerpt":{"rendered":"<p>En coordinaci\u00f3n con la\u00a0Secretar\u00eda de Movilidad Oaxaca, personal administrativo de esta Secretar\u00eda realiz\u00f3 un volanteo informativo en la Zona Norte<\/p>\n","protected":false},"author":2,"featured_media":43535,"comment_status":"closed","ping_status":"open","sticky":false,"template":"","format":"standard","meta":{"footnotes":""},"categories":[7],"tags":[],"_links":{"self":[{"href":"https:\/\/www.sspo.gob.mx\/index.php?rest_route=\/wp\/v2\/posts\/43533"}],"collection":[{"href":"https:\/\/www.sspo.gob.mx\/index.php?rest_route=\/wp\/v2\/posts"}],"about":[{"href":"https:\/\/www.sspo.gob.mx\/index.php?rest_route=\/wp\/v2\/types\/post"}],"author":[{"embeddable":true,"href":"https:\/\/www.sspo.gob.mx\/index.php?rest_route=\/wp\/v2\/users\/2"}],"replies":[{"embeddable":true,"href":"https:\/\/www.sspo.gob.mx\/index.php?rest_route=%2Fwp%2Fv2%2Fcomments&post=43533"}],"version-history":[{"count":1,"href":"https:\/\/www.sspo.gob.mx\/index.php?rest_route=\/wp\/v2\/posts\/43533\/revisions"}],"predecessor-version":[{"id":43536,"href":"https:\/\/www.sspo.gob.mx\/index.php?rest_route=\/wp\/v2\/posts\/43533\/revisions\/43536"}],"wp:featuredmedia":[{"embeddable":true,"href":"https:\/\/www.sspo.gob.mx\/index.php?rest_route=\/wp\/v2\/media\/43535"}],"wp:attachment":[{"href":"https:\/\/www.sspo.gob.mx\/index.php?rest_route=%2Fwp%2Fv2%2Fmedia&parent=43533"}],"wp:term":[{"taxonomy":"category","embeddable":true,"href":"https:\/\/www.sspo.gob.mx\/index.php?rest_route=%2Fwp%2Fv2%2Fcategories&post=43533"},{"taxonomy":"post_tag","embeddable":true,"href":"https:\/\/www.sspo.gob.mx\/index.php?rest_route=%2Fwp%2Fv2%2Ftags&post=43533"}],"curies":[{"name":"wp","href":"https:\/\/api.w.org\/{rel}","templated":true}]}}