{"id":43558,"date":"2019-11-20T09:32:44","date_gmt":"2019-11-20T15:32:44","guid":{"rendered":"https:\/\/sspo.gob.mx\/?p=43558"},"modified":"2019-11-20T09:32:45","modified_gmt":"2019-11-20T15:32:45","slug":"43558","status":"publish","type":"post","link":"https:\/\/www.sspo.gob.mx\/?p=43558","title":{"rendered":""},"content":{"rendered":"\n<p> Personal de la\u00a0<a href=\"https:\/\/www.facebook.com\/Polic%C3%ADa-Vial-del-Estado-742624782471779\/?__tn__=K-R&amp;eid=ARBS4b6hgTUIGB305W5Y7cqCkL6EGPHpaMxcOWoJFu2L2L-NFkU9S0614Zy83NP7Eso_y9hkSg1daA72&amp;fref=mentions&amp;__xts__%5B0%5D=68.ARAid5uIMBfwKoZuDwRVLUvX_7D8NQ0pImCP1BvryPz6hDrE-TN1nnXEZe-FaRq0YB3BlZzC8gmJVVLRLhJZfmdop0S7QD9KBSuEmluqOeToQkhJ725ssZ-UYe4Baed14r5C2CIBw3YnI0FLRZoGhjX8caZzUAc2qdFug0SBJGNGDCV2a0k708aEMp9L3V6MXAwmcXU4yCApt_lGMMHry9GrTtuGzxYFkYlCo1bCoW7vClgFQDqVMpIzv7MzYjdI0YgXvpJdYyDspbHoZYZOtD3z4slZjJhFzKhb33dNgUrQNGEtini347f_rM2jSHfGSmM5IQ8Wu2FhMFUxPDEgVh_O5A\">Polic\u00eda Vial del Estado<\/a>\u00a0realiza cortes de circulaci\u00f3n a la altura del Jard\u00edn Madero, por el paso del desfile c\u00edvico deportivo conmemorativo del 20 de Noviembre. <\/p>\n\n\n\n<figure class=\"wp-block-image\"><img loading=\"lazy\" decoding=\"async\" width=\"1024\" height=\"682\" src=\"https:\/\/sspo.gob.mx\/wp-content\/uploads\/2019\/11\/WhatsApp-Image-2019-11-20-at-09.02.42-1024x682.jpeg\" alt=\"\" class=\"wp-image-43559\" srcset=\"https:\/\/www.sspo.gob.mx\/wp-content\/uploads\/2019\/11\/WhatsApp-Image-2019-11-20-at-09.02.42-1024x682.jpeg 1024w, https:\/\/www.sspo.gob.mx\/wp-content\/uploads\/2019\/11\/WhatsApp-Image-2019-11-20-at-09.02.42-300x200.jpeg 300w, https:\/\/www.sspo.gob.mx\/wp-content\/uploads\/2019\/11\/WhatsApp-Image-2019-11-20-at-09.02.42-768x511.jpeg 768w, https:\/\/www.sspo.gob.mx\/wp-content\/uploads\/2019\/11\/WhatsApp-Image-2019-11-20-at-09.02.42.jpeg 1232w\" sizes=\"(max-width: 1024px) 100vw, 1024px\" \/><\/figure>\n\n\n\n<figure class=\"wp-block-image\"><img loading=\"lazy\" decoding=\"async\" width=\"1024\" height=\"682\" src=\"https:\/\/sspo.gob.mx\/wp-content\/uploads\/2019\/11\/WhatsApp-Image-2019-11-20-at-09.02.45-1024x682.jpeg\" alt=\"\" class=\"wp-image-43560\" srcset=\"https:\/\/www.sspo.gob.mx\/wp-content\/uploads\/2019\/11\/WhatsApp-Image-2019-11-20-at-09.02.45-1024x682.jpeg 1024w, https:\/\/www.sspo.gob.mx\/wp-content\/uploads\/2019\/11\/WhatsApp-Image-2019-11-20-at-09.02.45-300x200.jpeg 300w, https:\/\/www.sspo.gob.mx\/wp-content\/uploads\/2019\/11\/WhatsApp-Image-2019-11-20-at-09.02.45-768x511.jpeg 768w, https:\/\/www.sspo.gob.mx\/wp-content\/uploads\/2019\/11\/WhatsApp-Image-2019-11-20-at-09.02.45.jpeg 1232w\" sizes=\"(max-width: 1024px) 100vw, 1024px\" \/><\/figure>\n","protected":false},"excerpt":{"rendered":"<p>Personal de la\u00a0Polic\u00eda Vial del Estado\u00a0realiza cortes de circulaci\u00f3n a la altura del Jard\u00edn Madero, por el paso del desfile<\/p>\n","protected":false},"author":2,"featured_media":43561,"comment_status":"closed","ping_status":"open","sticky":false,"template":"","format":"standard","meta":{"footnotes":""},"categories":[7],"tags":[],"_links":{"self":[{"href":"https:\/\/www.sspo.gob.mx\/index.php?rest_route=\/wp\/v2\/posts\/43558"}],"collection":[{"href":"https:\/\/www.sspo.gob.mx\/index.php?rest_route=\/wp\/v2\/posts"}],"about":[{"href":"https:\/\/www.sspo.gob.mx\/index.php?rest_route=\/wp\/v2\/types\/post"}],"author":[{"embeddable":true,"href":"https:\/\/www.sspo.gob.mx\/index.php?rest_route=\/wp\/v2\/users\/2"}],"replies":[{"embeddable":true,"href":"https:\/\/www.sspo.gob.mx\/index.php?rest_route=%2Fwp%2Fv2%2Fcomments&post=43558"}],"version-history":[{"count":1,"href":"https:\/\/www.sspo.gob.mx\/index.php?rest_route=\/wp\/v2\/posts\/43558\/revisions"}],"predecessor-version":[{"id":43562,"href":"https:\/\/www.sspo.gob.mx\/index.php?rest_route=\/wp\/v2\/posts\/43558\/revisions\/43562"}],"wp:featuredmedia":[{"embeddable":true,"href":"https:\/\/www.sspo.gob.mx\/index.php?rest_route=\/wp\/v2\/media\/43561"}],"wp:attachment":[{"href":"https:\/\/www.sspo.gob.mx\/index.php?rest_route=%2Fwp%2Fv2%2Fmedia&parent=43558"}],"wp:term":[{"taxonomy":"category","embeddable":true,"href":"https:\/\/www.sspo.gob.mx\/index.php?rest_route=%2Fwp%2Fv2%2Fcategories&post=43558"},{"taxonomy":"post_tag","embeddable":true,"href":"https:\/\/www.sspo.gob.mx\/index.php?rest_route=%2Fwp%2Fv2%2Ftags&post=43558"}],"curies":[{"name":"wp","href":"https:\/\/api.w.org\/{rel}","templated":true}]}}