{"id":44539,"date":"2020-01-27T13:59:57","date_gmt":"2020-01-27T19:59:57","guid":{"rendered":"https:\/\/sspo.gob.mx\/?p=44539"},"modified":"2020-02-07T09:36:02","modified_gmt":"2020-02-07T15:36:02","slug":"44539","status":"publish","type":"post","link":"https:\/\/www.sspo.gob.mx\/?p=44539","title":{"rendered":""},"content":{"rendered":"\n<p><a href=\"https:\/\/www.facebook.com\/hashtag\/oaxaca?source=feed_text&amp;epa=HASHTAG&amp;__xts__%5B0%5D=68.ARD3LDKHJF5CMKPHn82rlg_ERyx-S55QmjrfqlOiEPkdYPwvlbm2ewUdkhCsWOjWtHbsCohvcOmOkxkEzuMpiUjPair8hNltt2cPQAJwLzc69ay4JzXCAa8BF-BV9GzouEcVsi5EYYZ4DPXP4UEe-Sac-r70Z-s7eYew0ScXhhTNakUkWrezjdizLpy2Cfdd6DY-f170p9DW9jkivzvu-xmh02NLhoAYgoJXzw_5zns9EqBl1NSnu95PHzg3UPg_WJB79kBFgHzpmzAyppz4QF-EX1Fn-C4fGLkDH2oFXesRHGmdNqB0qTsajYOSjUREfLDO87g9zNhvpf_MfDpYAUvp5A&amp;__tn__=%2ANK-R\">Oaxaca<\/a>&nbsp;tiene una tradici\u00f3n hist\u00f3rica de participaci\u00f3n social, apoyo y salvaguarda de las comunidades.<\/p>\n\n\n\n<p>Acompa\u00f1amos al Gobernador&nbsp;<a href=\"https:\/\/www.facebook.com\/AlejandroMuratHinojosa\/?__tn__=K-R&amp;eid=ARDeuM7sKSeWeSxYnwZIHdglrlH5sLsQhVTfE3wNsiYZpt5JSa3AncBvxcKUCYxwwL_j0Zj9AYC8qlnQ&amp;fref=mentions&amp;__xts__%5B0%5D=68.ARD3LDKHJF5CMKPHn82rlg_ERyx-S55QmjrfqlOiEPkdYPwvlbm2ewUdkhCsWOjWtHbsCohvcOmOkxkEzuMpiUjPair8hNltt2cPQAJwLzc69ay4JzXCAa8BF-BV9GzouEcVsi5EYYZ4DPXP4UEe-Sac-r70Z-s7eYew0ScXhhTNakUkWrezjdizLpy2Cfdd6DY-f170p9DW9jkivzvu-xmh02NLhoAYgoJXzw_5zns9EqBl1NSnu95PHzg3UPg_WJB79kBFgHzpmzAyppz4QF-EX1Fn-C4fGLkDH2oFXesRHGmdNqB0qTsajYOSjUREfLDO87g9zNhvpf_MfDpYAUvp5A\">Alejandro Murat Hinojosa<\/a>&nbsp;al evento &#8220;J\u00f3venes Construyendo el Futuro, Construyendo Capacidades en Materia de Protecci\u00f3n Civil\u201d; estuvo presente el titular de la&nbsp;<a href=\"https:\/\/www.facebook.com\/sspcmx\/?__tn__=K-R&amp;eid=ARBK1fiBDLqN7LGPY2FcK4quEW4SaDJ3iDxjGcArPnYhyWpqKwyQ3MCRrmUiHyPErLi0Rl-n8pQGXldm&amp;fref=mentions&amp;__xts__%5B0%5D=68.ARD3LDKHJF5CMKPHn82rlg_ERyx-S55QmjrfqlOiEPkdYPwvlbm2ewUdkhCsWOjWtHbsCohvcOmOkxkEzuMpiUjPair8hNltt2cPQAJwLzc69ay4JzXCAa8BF-BV9GzouEcVsi5EYYZ4DPXP4UEe-Sac-r70Z-s7eYew0ScXhhTNakUkWrezjdizLpy2Cfdd6DY-f170p9DW9jkivzvu-xmh02NLhoAYgoJXzw_5zns9EqBl1NSnu95PHzg3UPg_WJB79kBFgHzpmzAyppz4QF-EX1Fn-C4fGLkDH2oFXesRHGmdNqB0qTsajYOSjUREfLDO87g9zNhvpf_MfDpYAUvp5A\">Secretar\u00eda de Seguridad y Protecci\u00f3n Ciudadana<\/a>,&nbsp;<a href=\"https:\/\/www.facebook.com\/AlfonsoDurazoMontano\/?__tn__=K-R&amp;eid=ARCaATUl8WyOiniOh6fQDTW6XN5UmcZk24BWvXb7IvqcN5V9LZwZjVxNZ3xIb9KJJcO9g1qIZaK2mC4h&amp;fref=mentions&amp;__xts__%5B0%5D=68.ARD3LDKHJF5CMKPHn82rlg_ERyx-S55QmjrfqlOiEPkdYPwvlbm2ewUdkhCsWOjWtHbsCohvcOmOkxkEzuMpiUjPair8hNltt2cPQAJwLzc69ay4JzXCAa8BF-BV9GzouEcVsi5EYYZ4DPXP4UEe-Sac-r70Z-s7eYew0ScXhhTNakUkWrezjdizLpy2Cfdd6DY-f170p9DW9jkivzvu-xmh02NLhoAYgoJXzw_5zns9EqBl1NSnu95PHzg3UPg_WJB79kBFgHzpmzAyppz4QF-EX1Fn-C4fGLkDH2oFXesRHGmdNqB0qTsajYOSjUREfLDO87g9zNhvpf_MfDpYAUvp5A\">Alfonso Durazo<\/a>.&nbsp;<\/p>\n\n\n\n<figure class=\"wp-block-gallery columns-1 is-cropped wp-block-gallery-1 is-layout-flex wp-block-gallery-is-layout-flex\"><ul class=\"blocks-gallery-grid\"><li class=\"blocks-gallery-item\"><figure><img loading=\"lazy\" decoding=\"async\" width=\"858\" height=\"572\" src=\"https:\/\/sspo.gob.mx\/wp-content\/uploads\/2020\/01\/WhatsApp-Image-2020-01-27-at-12.58.45.jpeg\" alt=\"\" data-id=\"44540\" data-full-url=\"https:\/\/sspo.gob.mx\/wp-content\/uploads\/2020\/01\/WhatsApp-Image-2020-01-27-at-12.58.45.jpeg\" data-link=\"https:\/\/sspo.gob.mx\/?attachment_id=44540\" class=\"wp-image-44540\" srcset=\"https:\/\/www.sspo.gob.mx\/wp-content\/uploads\/2020\/01\/WhatsApp-Image-2020-01-27-at-12.58.45.jpeg 858w, https:\/\/www.sspo.gob.mx\/wp-content\/uploads\/2020\/01\/WhatsApp-Image-2020-01-27-at-12.58.45-300x200.jpeg 300w, https:\/\/www.sspo.gob.mx\/wp-content\/uploads\/2020\/01\/WhatsApp-Image-2020-01-27-at-12.58.45-768x512.jpeg 768w\" sizes=\"(max-width: 858px) 100vw, 858px\" \/><\/figure><\/li><\/ul><\/figure>\n","protected":false},"excerpt":{"rendered":"<p>Oaxaca&nbsp;tiene una tradici\u00f3n hist\u00f3rica de participaci\u00f3n social, apoyo y salvaguarda de las comunidades. Acompa\u00f1amos al Gobernador&nbsp;Alejandro Murat Hinojosa&nbsp;al evento &#8220;J\u00f3venes<\/p>\n","protected":false},"author":2,"featured_media":44541,"comment_status":"closed","ping_status":"closed","sticky":false,"template":"","format":"standard","meta":{"footnotes":""},"categories":[7],"tags":[],"_links":{"self":[{"href":"https:\/\/www.sspo.gob.mx\/index.php?rest_route=\/wp\/v2\/posts\/44539"}],"collection":[{"href":"https:\/\/www.sspo.gob.mx\/index.php?rest_route=\/wp\/v2\/posts"}],"about":[{"href":"https:\/\/www.sspo.gob.mx\/index.php?rest_route=\/wp\/v2\/types\/post"}],"author":[{"embeddable":true,"href":"https:\/\/www.sspo.gob.mx\/index.php?rest_route=\/wp\/v2\/users\/2"}],"replies":[{"embeddable":true,"href":"https:\/\/www.sspo.gob.mx\/index.php?rest_route=%2Fwp%2Fv2%2Fcomments&post=44539"}],"version-history":[{"count":4,"href":"https:\/\/www.sspo.gob.mx\/index.php?rest_route=\/wp\/v2\/posts\/44539\/revisions"}],"predecessor-version":[{"id":44727,"href":"https:\/\/www.sspo.gob.mx\/index.php?rest_route=\/wp\/v2\/posts\/44539\/revisions\/44727"}],"wp:featuredmedia":[{"embeddable":true,"href":"https:\/\/www.sspo.gob.mx\/index.php?rest_route=\/wp\/v2\/media\/44541"}],"wp:attachment":[{"href":"https:\/\/www.sspo.gob.mx\/index.php?rest_route=%2Fwp%2Fv2%2Fmedia&parent=44539"}],"wp:term":[{"taxonomy":"category","embeddable":true,"href":"https:\/\/www.sspo.gob.mx\/index.php?rest_route=%2Fwp%2Fv2%2Fcategories&post=44539"},{"taxonomy":"post_tag","embeddable":true,"href":"https:\/\/www.sspo.gob.mx\/index.php?rest_route=%2Fwp%2Fv2%2Ftags&post=44539"}],"curies":[{"name":"wp","href":"https:\/\/api.w.org\/{rel}","templated":true}]}}