{"id":46282,"date":"2020-06-22T11:38:11","date_gmt":"2020-06-22T17:38:11","guid":{"rendered":"https:\/\/sspo.gob.mx\/?p=46282"},"modified":"2020-06-22T12:29:04","modified_gmt":"2020-06-22T18:29:04","slug":"46282","status":"publish","type":"post","link":"https:\/\/www.sspo.gob.mx\/?p=46282","title":{"rendered":""},"content":{"rendered":"\n<p>Por instrucci\u00f3n del Gdor.,&nbsp;<a href=\"https:\/\/www.facebook.com\/AlejandroMuratHinojosa\/?__tn__=K-R&amp;eid=ARBBYAcxqLdi5KuEoJ1xvk1NTE_eJYTwkMj3V9fNx2GIJUT977OFcj6J91A_DwWceIQ8qVkwXfUawcVT&amp;fref=mentions&amp;__xts__%5B0%5D=68.ARDUegVz1BFUXtqcIIJS_JfTPyU-ZbMa7P8pKzWWGbLfqJMFn6kUP3DJpodxaATotJTGByA_M5p2Fyo-3Y9iHXohccmLuHW0FmqDSmnNqXjRWAdVIrqKXtnj-mLJGHmPHHlmh3BVd0h_4sFBvfQZHQ5y-EkkHJy_gwxbar6mSEx2EbDXKcJ3NVuWDXcskjEtm2-t2N_PLfvOxi6mSioHCIwsf81WqFntWdVErkpld_Cwgx_VngO-krYOw8NQm5ZBY8uxUcdQ4JMxCcJWi8yg-tKUYo0uSilAzfySTe7vMyC-aECQ3z9ceRd_r0r0XufqZ_ujxMbppsj1ocEqLQKqC-WAtw\">Alejandro Murat Hinojosa<\/a>, el Srio. Ernesto Salcedo, se traslada a la comunidad de San Mateo del Mar para encabezar los esfuerzos necesario que garanticen la paz social y mayor seguridad en la zona.&nbsp;<a href=\"https:\/\/www.facebook.com\/hashtag\/oaxaca?__eep__=6&amp;source=feed_text&amp;epa=HASHTAG&amp;__xts__%5B0%5D=68.ARDUegVz1BFUXtqcIIJS_JfTPyU-ZbMa7P8pKzWWGbLfqJMFn6kUP3DJpodxaATotJTGByA_M5p2Fyo-3Y9iHXohccmLuHW0FmqDSmnNqXjRWAdVIrqKXtnj-mLJGHmPHHlmh3BVd0h_4sFBvfQZHQ5y-EkkHJy_gwxbar6mSEx2EbDXKcJ3NVuWDXcskjEtm2-t2N_PLfvOxi6mSioHCIwsf81WqFntWdVErkpld_Cwgx_VngO-krYOw8NQm5ZBY8uxUcdQ4JMxCcJWi8yg-tKUYo0uSilAzfySTe7vMyC-aECQ3z9ceRd_r0r0XufqZ_ujxMbppsj1ocEqLQKqC-WAtw&amp;__tn__=%2ANK-R\">#Oaxaca<\/a>&nbsp;<a href=\"https:\/\/www.facebook.com\/GobOax\/?__tn__=K-R&amp;eid=ARC4wRTVCp0Q6C_Z_Cd2_9s1yHY4os_wIM3BsP0tdTZA5Gx6WpjtC8WfxUiMSfYEFvMNSsWR24C1PwJE&amp;fref=mentions&amp;__xts__%5B0%5D=68.ARDUegVz1BFUXtqcIIJS_JfTPyU-ZbMa7P8pKzWWGbLfqJMFn6kUP3DJpodxaATotJTGByA_M5p2Fyo-3Y9iHXohccmLuHW0FmqDSmnNqXjRWAdVIrqKXtnj-mLJGHmPHHlmh3BVd0h_4sFBvfQZHQ5y-EkkHJy_gwxbar6mSEx2EbDXKcJ3NVuWDXcskjEtm2-t2N_PLfvOxi6mSioHCIwsf81WqFntWdVErkpld_Cwgx_VngO-krYOw8NQm5ZBY8uxUcdQ4JMxCcJWi8yg-tKUYo0uSilAzfySTe7vMyC-aECQ3z9ceRd_r0r0XufqZ_ujxMbppsj1ocEqLQKqC-WAtw\">Gobierno del Estado de Oaxaca<\/a>&nbsp;<a href=\"https:\/\/www.facebook.com\/SIDI.Oaxaca\/?__tn__=K-R&amp;eid=ARD3ozjW2-Ku1VpqXv_5-zQV3fFmIH5zH6pAa5lrKExO6Pj8HasxuPQDbVKv5La30SH0YJt_GOWDtDgB&amp;fref=mentions&amp;__xts__%5B0%5D=68.ARDUegVz1BFUXtqcIIJS_JfTPyU-ZbMa7P8pKzWWGbLfqJMFn6kUP3DJpodxaATotJTGByA_M5p2Fyo-3Y9iHXohccmLuHW0FmqDSmnNqXjRWAdVIrqKXtnj-mLJGHmPHHlmh3BVd0h_4sFBvfQZHQ5y-EkkHJy_gwxbar6mSEx2EbDXKcJ3NVuWDXcskjEtm2-t2N_PLfvOxi6mSioHCIwsf81WqFntWdVErkpld_Cwgx_VngO-krYOw8NQm5ZBY8uxUcdQ4JMxCcJWi8yg-tKUYo0uSilAzfySTe7vMyC-aECQ3z9ceRd_r0r0XufqZ_ujxMbppsj1ocEqLQKqC-WAtw\">Subsecretar\u00eda de Informaci\u00f3n y Desarrollo Institucional<\/a>&nbsp;<a href=\"https:\/\/www.facebook.com\/policiaestataloaxaca\/?__tn__=K-R&amp;eid=ARBDIVj9Y-dk70MSoZwfWM_VYJcAMJjnwCvvPrd7xIK-9HSTp0ekdB628sT-6D2-vs_xjj8wr-X1MaKW&amp;fref=mentions&amp;__xts__%5B0%5D=68.ARDUegVz1BFUXtqcIIJS_JfTPyU-ZbMa7P8pKzWWGbLfqJMFn6kUP3DJpodxaATotJTGByA_M5p2Fyo-3Y9iHXohccmLuHW0FmqDSmnNqXjRWAdVIrqKXtnj-mLJGHmPHHlmh3BVd0h_4sFBvfQZHQ5y-EkkHJy_gwxbar6mSEx2EbDXKcJ3NVuWDXcskjEtm2-t2N_PLfvOxi6mSioHCIwsf81WqFntWdVErkpld_Cwgx_VngO-krYOw8NQm5ZBY8uxUcdQ4JMxCcJWi8yg-tKUYo0uSilAzfySTe7vMyC-aECQ3z9ceRd_r0r0XufqZ_ujxMbppsj1ocEqLQKqC-WAtw\">Polic\u00eda Estatal de Oaxaca<\/a>&nbsp;<a href=\"https:\/\/www.facebook.com\/Polic%C3%ADa-Vial-del-Estado-742624782471779\/?__tn__=K-R&amp;eid=ARCbX-v65dQUK7ByaYU8DyZu9CGZXql-QXwCLg3TstkZa1cQdz3WviErifhuhIG6fqdul3AHkawTVtA6&amp;fref=mentions&amp;__xts__%5B0%5D=68.ARDUegVz1BFUXtqcIIJS_JfTPyU-ZbMa7P8pKzWWGbLfqJMFn6kUP3DJpodxaATotJTGByA_M5p2Fyo-3Y9iHXohccmLuHW0FmqDSmnNqXjRWAdVIrqKXtnj-mLJGHmPHHlmh3BVd0h_4sFBvfQZHQ5y-EkkHJy_gwxbar6mSEx2EbDXKcJ3NVuWDXcskjEtm2-t2N_PLfvOxi6mSioHCIwsf81WqFntWdVErkpld_Cwgx_VngO-krYOw8NQm5ZBY8uxUcdQ4JMxCcJWi8yg-tKUYo0uSilAzfySTe7vMyC-aECQ3z9ceRd_r0r0XufqZ_ujxMbppsj1ocEqLQKqC-WAtw\">Polic\u00eda Vial del Estado<\/a>&nbsp;<a href=\"https:\/\/www.facebook.com\/pabic.oaxaca.3\/?__tn__=K-R&amp;eid=ARDFX3NRzk0-ApA4ZTBlj2CwzoP1HHknQwhfZU8KN3f63yeRtDUXkA-iY6RF6_wlmQF-WlWfbbcDvxai&amp;fref=mentions&amp;__xts__%5B0%5D=68.ARDUegVz1BFUXtqcIIJS_JfTPyU-ZbMa7P8pKzWWGbLfqJMFn6kUP3DJpodxaATotJTGByA_M5p2Fyo-3Y9iHXohccmLuHW0FmqDSmnNqXjRWAdVIrqKXtnj-mLJGHmPHHlmh3BVd0h_4sFBvfQZHQ5y-EkkHJy_gwxbar6mSEx2EbDXKcJ3NVuWDXcskjEtm2-t2N_PLfvOxi6mSioHCIwsf81WqFntWdVErkpld_Cwgx_VngO-krYOw8NQm5ZBY8uxUcdQ4JMxCcJWi8yg-tKUYo0uSilAzfySTe7vMyC-aECQ3z9ceRd_r0r0XufqZ_ujxMbppsj1ocEqLQKqC-WAtw\">PABIC GobOax<\/a>&nbsp;<a href=\"https:\/\/www.facebook.com\/SprsGobOax\/?__tn__=K-R&amp;eid=ARCC-gP2eBj1HQDhc53cteukbyUI0nknr5rAjMVF2dfyvRtfmRw3bpjYMFsc5jjuOYZXsuo7cXFLhzBw&amp;fref=mentions&amp;__xts__%5B0%5D=68.ARDUegVz1BFUXtqcIIJS_JfTPyU-ZbMa7P8pKzWWGbLfqJMFn6kUP3DJpodxaATotJTGByA_M5p2Fyo-3Y9iHXohccmLuHW0FmqDSmnNqXjRWAdVIrqKXtnj-mLJGHmPHHlmh3BVd0h_4sFBvfQZHQ5y-EkkHJy_gwxbar6mSEx2EbDXKcJ3NVuWDXcskjEtm2-t2N_PLfvOxi6mSioHCIwsf81WqFntWdVErkpld_Cwgx_VngO-krYOw8NQm5ZBY8uxUcdQ4JMxCcJWi8yg-tKUYo0uSilAzfySTe7vMyC-aECQ3z9ceRd_r0r0XufqZ_ujxMbppsj1ocEqLQKqC-WAtw\">Subsecretar\u00eda de Prevenci\u00f3n y Reinserci\u00f3n Social<\/a>&nbsp;<a href=\"https:\/\/www.facebook.com\/prevencionsspo\/?__tn__=K-R&amp;eid=ARBoU79-kHfpdU6xvnt9Zh9jopOqoPHd5m9FaMbNbbUjmjZgQRO7GoXzkFlOjfPKdaX8LQuG5zLS4pbx&amp;fref=mentions&amp;__xts__%5B0%5D=68.ARDUegVz1BFUXtqcIIJS_JfTPyU-ZbMa7P8pKzWWGbLfqJMFn6kUP3DJpodxaATotJTGByA_M5p2Fyo-3Y9iHXohccmLuHW0FmqDSmnNqXjRWAdVIrqKXtnj-mLJGHmPHHlmh3BVd0h_4sFBvfQZHQ5y-EkkHJy_gwxbar6mSEx2EbDXKcJ3NVuWDXcskjEtm2-t2N_PLfvOxi6mSioHCIwsf81WqFntWdVErkpld_Cwgx_VngO-krYOw8NQm5ZBY8uxUcdQ4JMxCcJWi8yg-tKUYo0uSilAzfySTe7vMyC-aECQ3z9ceRd_r0r0XufqZ_ujxMbppsj1ocEqLQKqC-WAtw\">Prevenci\u00f3n SSPO<\/a>&nbsp;<a href=\"https:\/\/www.facebook.com\/policiaciberneticaoaxaca\/?__tn__=K-R&amp;eid=ARAps1JgaT4rQwpX8bXDuhYIwsRp01L9dgDkru6dw-qoLaLKDaO6qJSgBb7oLDnRvma0J5nJs46FRBPX&amp;fref=mentions&amp;__xts__%5B0%5D=68.ARDUegVz1BFUXtqcIIJS_JfTPyU-ZbMa7P8pKzWWGbLfqJMFn6kUP3DJpodxaATotJTGByA_M5p2Fyo-3Y9iHXohccmLuHW0FmqDSmnNqXjRWAdVIrqKXtnj-mLJGHmPHHlmh3BVd0h_4sFBvfQZHQ5y-EkkHJy_gwxbar6mSEx2EbDXKcJ3NVuWDXcskjEtm2-t2N_PLfvOxi6mSioHCIwsf81WqFntWdVErkpld_Cwgx_VngO-krYOw8NQm5ZBY8uxUcdQ4JMxCcJWi8yg-tKUYo0uSilAzfySTe7vMyC-aECQ3z9ceRd_r0r0XufqZ_ujxMbppsj1ocEqLQKqC-WAtw\">Unidad de Polic\u00eda Cibern\u00e9tica Oaxaca<\/a><\/p>\n\n\n\n<p><\/p>\n","protected":false},"excerpt":{"rendered":"<p>Por instrucci\u00f3n del Gdor.,&nbsp;Alejandro Murat Hinojosa, el Srio. Ernesto Salcedo, se traslada a la comunidad de San Mateo del Mar<\/p>\n","protected":false},"author":2,"featured_media":46173,"comment_status":"closed","ping_status":"closed","sticky":false,"template":"","format":"standard","meta":{"footnotes":""},"categories":[7],"tags":[],"_links":{"self":[{"href":"https:\/\/www.sspo.gob.mx\/index.php?rest_route=\/wp\/v2\/posts\/46282"}],"collection":[{"href":"https:\/\/www.sspo.gob.mx\/index.php?rest_route=\/wp\/v2\/posts"}],"about":[{"href":"https:\/\/www.sspo.gob.mx\/index.php?rest_route=\/wp\/v2\/types\/post"}],"author":[{"embeddable":true,"href":"https:\/\/www.sspo.gob.mx\/index.php?rest_route=\/wp\/v2\/users\/2"}],"replies":[{"embeddable":true,"href":"https:\/\/www.sspo.gob.mx\/index.php?rest_route=%2Fwp%2Fv2%2Fcomments&post=46282"}],"version-history":[{"count":2,"href":"https:\/\/www.sspo.gob.mx\/index.php?rest_route=\/wp\/v2\/posts\/46282\/revisions"}],"predecessor-version":[{"id":46288,"href":"https:\/\/www.sspo.gob.mx\/index.php?rest_route=\/wp\/v2\/posts\/46282\/revisions\/46288"}],"wp:featuredmedia":[{"embeddable":true,"href":"https:\/\/www.sspo.gob.mx\/index.php?rest_route=\/wp\/v2\/media\/46173"}],"wp:attachment":[{"href":"https:\/\/www.sspo.gob.mx\/index.php?rest_route=%2Fwp%2Fv2%2Fmedia&parent=46282"}],"wp:term":[{"taxonomy":"category","embeddable":true,"href":"https:\/\/www.sspo.gob.mx\/index.php?rest_route=%2Fwp%2Fv2%2Fcategories&post=46282"},{"taxonomy":"post_tag","embeddable":true,"href":"https:\/\/www.sspo.gob.mx\/index.php?rest_route=%2Fwp%2Fv2%2Ftags&post=46282"}],"curies":[{"name":"wp","href":"https:\/\/api.w.org\/{rel}","templated":true}]}}