{"id":47565,"date":"2020-09-08T18:33:22","date_gmt":"2020-09-09T00:33:22","guid":{"rendered":"https:\/\/sspo.gob.mx\/?p=47565"},"modified":"2020-09-08T18:36:40","modified_gmt":"2020-09-09T00:36:40","slug":"47565","status":"publish","type":"post","link":"https:\/\/www.sspo.gob.mx\/?p=47565","title":{"rendered":""},"content":{"rendered":"\n<p>Dando continuidad a los despliegues operativos en coordinaci\u00f3n con <a href=\"https:\/\/www.facebook.com\/SEMOVIGobOax\/?__cft__[0]=AZWeUw6B2VHn-jZc0yVtgkgPnOoGQ5GE7VAwwaua5IUlQYF_EhfNb8aU2xJ4PuQbGVY59YExZgxjYlNtZutqAhCCtGccATHTiBwEqsLclEIDOsGU3WaKR4YmD9AckcjH1t4-VRNTa2YxM3mReHEsRezJ6dGEkrKFtUywf_HSkykwvA&amp;__tn__=kK-R\">Secretar\u00eda de Movilidad Oaxaca<\/a> y Polic\u00edas Municipales, y en el marco del operativo <a href=\"https:\/\/www.facebook.com\/hashtag\/corredorseguro?__eep__=6&amp;__cft__[0]=AZWeUw6B2VHn-jZc0yVtgkgPnOoGQ5GE7VAwwaua5IUlQYF_EhfNb8aU2xJ4PuQbGVY59YExZgxjYlNtZutqAhCCtGccATHTiBwEqsLclEIDOsGU3WaKR4YmD9AckcjH1t4-VRNTa2YxM3mReHEsRezJ6dGEkrKFtUywf_HSkykwvA&amp;__tn__=*NK-R\">#CorredorSeguro<\/a> se instalaron filtros de control preventivo. <\/p>\n\n\n\n<p>Con el objetivo de brindar seguridad a la sociedad. <a href=\"https:\/\/www.facebook.com\/hashtag\/vallescentrales?__eep__=6&amp;__cft__[0]=AZWeUw6B2VHn-jZc0yVtgkgPnOoGQ5GE7VAwwaua5IUlQYF_EhfNb8aU2xJ4PuQbGVY59YExZgxjYlNtZutqAhCCtGccATHTiBwEqsLclEIDOsGU3WaKR4YmD9AckcjH1t4-VRNTa2YxM3mReHEsRezJ6dGEkrKFtUywf_HSkykwvA&amp;__tn__=*NK-R\">#VallesCentrales<\/a><a href=\"https:\/\/www.facebook.com\/hashtag\/oaxaca?__eep__=6&amp;__cft__[0]=AZWeUw6B2VHn-jZc0yVtgkgPnOoGQ5GE7VAwwaua5IUlQYF_EhfNb8aU2xJ4PuQbGVY59YExZgxjYlNtZutqAhCCtGccATHTiBwEqsLclEIDOsGU3WaKR4YmD9AckcjH1t4-VRNTa2YxM3mReHEsRezJ6dGEkrKFtUywf_HSkykwvA&amp;__tn__=*NK-R\">#Oaxaca<\/a><a href=\"https:\/\/www.facebook.com\/AlejandroMuratHinojosa\/?__cft__[0]=AZWeUw6B2VHn-jZc0yVtgkgPnOoGQ5GE7VAwwaua5IUlQYF_EhfNb8aU2xJ4PuQbGVY59YExZgxjYlNtZutqAhCCtGccATHTiBwEqsLclEIDOsGU3WaKR4YmD9AckcjH1t4-VRNTa2YxM3mReHEsRezJ6dGEkrKFtUywf_HSkykwvA&amp;__tn__=kK-R\">Alejandro Murat Hinojosa<\/a><a href=\"https:\/\/www.facebook.com\/GobOax\/?__cft__[0]=AZWeUw6B2VHn-jZc0yVtgkgPnOoGQ5GE7VAwwaua5IUlQYF_EhfNb8aU2xJ4PuQbGVY59YExZgxjYlNtZutqAhCCtGccATHTiBwEqsLclEIDOsGU3WaKR4YmD9AckcjH1t4-VRNTa2YxM3mReHEsRezJ6dGEkrKFtUywf_HSkykwvA&amp;__tn__=kK-R\">Gobierno del Estado de Oaxaca<\/a><a href=\"https:\/\/www.facebook.com\/SIDI.Oaxaca\/?__cft__[0]=AZWeUw6B2VHn-jZc0yVtgkgPnOoGQ5GE7VAwwaua5IUlQYF_EhfNb8aU2xJ4PuQbGVY59YExZgxjYlNtZutqAhCCtGccATHTiBwEqsLclEIDOsGU3WaKR4YmD9AckcjH1t4-VRNTa2YxM3mReHEsRezJ6dGEkrKFtUywf_HSkykwvA&amp;__tn__=kK-R\">Subsecretar\u00eda de Informaci\u00f3n y Desarrollo Institucional<\/a><a href=\"https:\/\/www.facebook.com\/policiaestataloaxaca\/?__cft__[0]=AZWeUw6B2VHn-jZc0yVtgkgPnOoGQ5GE7VAwwaua5IUlQYF_EhfNb8aU2xJ4PuQbGVY59YExZgxjYlNtZutqAhCCtGccATHTiBwEqsLclEIDOsGU3WaKR4YmD9AckcjH1t4-VRNTa2YxM3mReHEsRezJ6dGEkrKFtUywf_HSkykwvA&amp;__tn__=kK-R\">Polic\u00eda Estatal de Oaxaca<\/a><a href=\"https:\/\/www.facebook.com\/Polic%C3%ADa-Vial-del-Estado-742624782471779\/?__cft__[0]=AZWeUw6B2VHn-jZc0yVtgkgPnOoGQ5GE7VAwwaua5IUlQYF_EhfNb8aU2xJ4PuQbGVY59YExZgxjYlNtZutqAhCCtGccATHTiBwEqsLclEIDOsGU3WaKR4YmD9AckcjH1t4-VRNTa2YxM3mReHEsRezJ6dGEkrKFtUywf_HSkykwvA&amp;__tn__=kK-R\">Polic\u00eda Vial del Estado<\/a><a href=\"https:\/\/www.facebook.com\/Bomberos-GobOaxaca-778971665540424\/?__cft__[0]=AZWeUw6B2VHn-jZc0yVtgkgPnOoGQ5GE7VAwwaua5IUlQYF_EhfNb8aU2xJ4PuQbGVY59YExZgxjYlNtZutqAhCCtGccATHTiBwEqsLclEIDOsGU3WaKR4YmD9AckcjH1t4-VRNTa2YxM3mReHEsRezJ6dGEkrKFtUywf_HSkykwvA&amp;__tn__=kK-R\">Bomberos GobOaxaca<\/a><a href=\"https:\/\/www.facebook.com\/prevencionsspo\/?__cft__[0]=AZWeUw6B2VHn-jZc0yVtgkgPnOoGQ5GE7VAwwaua5IUlQYF_EhfNb8aU2xJ4PuQbGVY59YExZgxjYlNtZutqAhCCtGccATHTiBwEqsLclEIDOsGU3WaKR4YmD9AckcjH1t4-VRNTa2YxM3mReHEsRezJ6dGEkrKFtUywf_HSkykwvA&amp;__tn__=kK-R\">Prevenci\u00f3n SSPO<\/a><a href=\"https:\/\/www.facebook.com\/SprsGobOax\/?__cft__[0]=AZWeUw6B2VHn-jZc0yVtgkgPnOoGQ5GE7VAwwaua5IUlQYF_EhfNb8aU2xJ4PuQbGVY59YExZgxjYlNtZutqAhCCtGccATHTiBwEqsLclEIDOsGU3WaKR4YmD9AckcjH1t4-VRNTa2YxM3mReHEsRezJ6dGEkrKFtUywf_HSkykwvA&amp;__tn__=kK-R\">Subsecretar\u00eda de Prevenci\u00f3n y Reinserci\u00f3n Social<\/a><a href=\"https:\/\/www.facebook.com\/Unidad-De-G%C3%A9nero-Sspo-106029774116309\/?__cft__[0]=AZWeUw6B2VHn-jZc0yVtgkgPnOoGQ5GE7VAwwaua5IUlQYF_EhfNb8aU2xJ4PuQbGVY59YExZgxjYlNtZutqAhCCtGccATHTiBwEqsLclEIDOsGU3WaKR4YmD9AckcjH1t4-VRNTa2YxM3mReHEsRezJ6dGEkrKFtUywf_HSkykwvA&amp;__tn__=kK-R\">Unidad De G\u00e9nero Sspo<\/a><a href=\"https:\/\/www.facebook.com\/policiaciberneticaoaxaca\/?__cft__[0]=AZWeUw6B2VHn-jZc0yVtgkgPnOoGQ5GE7VAwwaua5IUlQYF_EhfNb8aU2xJ4PuQbGVY59YExZgxjYlNtZutqAhCCtGccATHTiBwEqsLclEIDOsGU3WaKR4YmD9AckcjH1t4-VRNTa2YxM3mReHEsRezJ6dGEkrKFtUywf_HSkykwvA&amp;__tn__=kK-R\">Unidad de Polic\u00eda Cibern\u00e9tica Oaxaca<\/a><\/p>\n\n\n\n<p><\/p>\n\n\n\n<figure class=\"wp-block-image size-large\"><img loading=\"lazy\" decoding=\"async\" width=\"1024\" height=\"498\" src=\"https:\/\/sspo.gob.mx\/wp-content\/uploads\/2020\/09\/WhatsApp-Image-2020-09-08-at-3.06.48-PM-1024x498.jpeg\" alt=\"\" class=\"wp-image-47567\" srcset=\"https:\/\/www.sspo.gob.mx\/wp-content\/uploads\/2020\/09\/WhatsApp-Image-2020-09-08-at-3.06.48-PM-1024x498.jpeg 1024w, https:\/\/www.sspo.gob.mx\/wp-content\/uploads\/2020\/09\/WhatsApp-Image-2020-09-08-at-3.06.48-PM-300x146.jpeg 300w, https:\/\/www.sspo.gob.mx\/wp-content\/uploads\/2020\/09\/WhatsApp-Image-2020-09-08-at-3.06.48-PM-768x373.jpeg 768w, https:\/\/www.sspo.gob.mx\/wp-content\/uploads\/2020\/09\/WhatsApp-Image-2020-09-08-at-3.06.48-PM.jpeg 1280w\" sizes=\"(max-width: 1024px) 100vw, 1024px\" \/><\/figure>\n\n\n\n<figure class=\"wp-block-image size-large\"><img loading=\"lazy\" decoding=\"async\" width=\"768\" height=\"1024\" src=\"https:\/\/sspo.gob.mx\/wp-content\/uploads\/2020\/09\/WhatsApp-Image-2020-09-08-at-3.06.34-PM-768x1024.jpeg\" alt=\"\" class=\"wp-image-47566\" srcset=\"https:\/\/www.sspo.gob.mx\/wp-content\/uploads\/2020\/09\/WhatsApp-Image-2020-09-08-at-3.06.34-PM-768x1024.jpeg 768w, https:\/\/www.sspo.gob.mx\/wp-content\/uploads\/2020\/09\/WhatsApp-Image-2020-09-08-at-3.06.34-PM-225x300.jpeg 225w, https:\/\/www.sspo.gob.mx\/wp-content\/uploads\/2020\/09\/WhatsApp-Image-2020-09-08-at-3.06.34-PM.jpeg 960w\" sizes=\"(max-width: 768px) 100vw, 768px\" \/><\/figure>\n","protected":false},"excerpt":{"rendered":"<p>Dando continuidad a los despliegues operativos en coordinaci\u00f3n con Secretar\u00eda de Movilidad Oaxaca y Polic\u00edas Municipales, y en el marco<\/p>\n","protected":false},"author":2,"featured_media":47567,"comment_status":"closed","ping_status":"closed","sticky":false,"template":"","format":"standard","meta":{"footnotes":""},"categories":[7],"tags":[],"_links":{"self":[{"href":"https:\/\/www.sspo.gob.mx\/index.php?rest_route=\/wp\/v2\/posts\/47565"}],"collection":[{"href":"https:\/\/www.sspo.gob.mx\/index.php?rest_route=\/wp\/v2\/posts"}],"about":[{"href":"https:\/\/www.sspo.gob.mx\/index.php?rest_route=\/wp\/v2\/types\/post"}],"author":[{"embeddable":true,"href":"https:\/\/www.sspo.gob.mx\/index.php?rest_route=\/wp\/v2\/users\/2"}],"replies":[{"embeddable":true,"href":"https:\/\/www.sspo.gob.mx\/index.php?rest_route=%2Fwp%2Fv2%2Fcomments&post=47565"}],"version-history":[{"count":2,"href":"https:\/\/www.sspo.gob.mx\/index.php?rest_route=\/wp\/v2\/posts\/47565\/revisions"}],"predecessor-version":[{"id":47569,"href":"https:\/\/www.sspo.gob.mx\/index.php?rest_route=\/wp\/v2\/posts\/47565\/revisions\/47569"}],"wp:featuredmedia":[{"embeddable":true,"href":"https:\/\/www.sspo.gob.mx\/index.php?rest_route=\/wp\/v2\/media\/47567"}],"wp:attachment":[{"href":"https:\/\/www.sspo.gob.mx\/index.php?rest_route=%2Fwp%2Fv2%2Fmedia&parent=47565"}],"wp:term":[{"taxonomy":"category","embeddable":true,"href":"https:\/\/www.sspo.gob.mx\/index.php?rest_route=%2Fwp%2Fv2%2Fcategories&post=47565"},{"taxonomy":"post_tag","embeddable":true,"href":"https:\/\/www.sspo.gob.mx\/index.php?rest_route=%2Fwp%2Fv2%2Ftags&post=47565"}],"curies":[{"name":"wp","href":"https:\/\/api.w.org\/{rel}","templated":true}]}}