{"id":48653,"date":"2020-11-21T16:12:04","date_gmt":"2020-11-21T22:12:04","guid":{"rendered":"https:\/\/sspo.gob.mx\/?p=48653"},"modified":"2020-11-21T16:12:04","modified_gmt":"2020-11-21T22:12:04","slug":"48653","status":"publish","type":"post","link":"https:\/\/www.sspo.gob.mx\/?p=48653","title":{"rendered":""},"content":{"rendered":"\n<p>Personal de <a href=\"https:\/\/www.facebook.com\/prevencionsspo\/?__cft__[0]=AZW9DOkyy5rbMch7sZKcnc-R2Fq6VhVb0IC_323CkI9u265QKLMMoM0drZ-w7MDqv4OlurJ--GtMnP13nghj5egoY5xV8wAICiW2wP43C9nk7IAy5PuW1MMuhfFJt8dppYI&amp;__tn__=kK-R\">Prevenci\u00f3n SSPO<\/a>, autoridades municipales, <a href=\"https:\/\/www.facebook.com\/GUARDIA.NACIONAL.MX\/?__cft__[0]=AZW9DOkyy5rbMch7sZKcnc-R2Fq6VhVb0IC_323CkI9u265QKLMMoM0drZ-w7MDqv4OlurJ--GtMnP13nghj5egoY5xV8wAICiW2wP43C9nk7IAy5PuW1MMuhfFJt8dppYI&amp;__tn__=kK-R\">Guardia Nacional<\/a> y vecinos de San Sebasti\u00e1n Tutla, llevaron acabo un tequio en la Unidad Deportiva del Rosario. <\/p>\n\n\n\n<p>Continuamos <a href=\"https:\/\/www.facebook.com\/hashtag\/creando?__eep__=6&amp;__cft__[0]=AZW9DOkyy5rbMch7sZKcnc-R2Fq6VhVb0IC_323CkI9u265QKLMMoM0drZ-w7MDqv4OlurJ--GtMnP13nghj5egoY5xV8wAICiW2wP43C9nk7IAy5PuW1MMuhfFJt8dppYI&amp;__tn__=*NK-R\">#Creando<\/a> espacios dignos y seguros para las familias en <a href=\"https:\/\/www.facebook.com\/hashtag\/oaxaca?__eep__=6&amp;__cft__[0]=AZW9DOkyy5rbMch7sZKcnc-R2Fq6VhVb0IC_323CkI9u265QKLMMoM0drZ-w7MDqv4OlurJ--GtMnP13nghj5egoY5xV8wAICiW2wP43C9nk7IAy5PuW1MMuhfFJt8dppYI&amp;__tn__=*NK-R\">#Oaxaca<\/a>. <a href=\"https:\/\/www.facebook.com\/hashtag\/accionessspo?__eep__=6&amp;__cft__[0]=AZW9DOkyy5rbMch7sZKcnc-R2Fq6VhVb0IC_323CkI9u265QKLMMoM0drZ-w7MDqv4OlurJ--GtMnP13nghj5egoY5xV8wAICiW2wP43C9nk7IAy5PuW1MMuhfFJt8dppYI&amp;__tn__=*NK-R\">#AccionesSSPO<\/a><a href=\"https:\/\/www.facebook.com\/AlejandroMuratHinojosa\/?__cft__[0]=AZW9DOkyy5rbMch7sZKcnc-R2Fq6VhVb0IC_323CkI9u265QKLMMoM0drZ-w7MDqv4OlurJ--GtMnP13nghj5egoY5xV8wAICiW2wP43C9nk7IAy5PuW1MMuhfFJt8dppYI&amp;__tn__=kK-R\">Alejandro Murat Hinojosa<\/a><a href=\"https:\/\/www.facebook.com\/GobOax\/?__cft__[0]=AZW9DOkyy5rbMch7sZKcnc-R2Fq6VhVb0IC_323CkI9u265QKLMMoM0drZ-w7MDqv4OlurJ--GtMnP13nghj5egoY5xV8wAICiW2wP43C9nk7IAy5PuW1MMuhfFJt8dppYI&amp;__tn__=kK-R\">Gobierno del Estado de Oaxaca<\/a><a href=\"https:\/\/www.facebook.com\/SIDI.Oaxaca\/?__cft__[0]=AZW9DOkyy5rbMch7sZKcnc-R2Fq6VhVb0IC_323CkI9u265QKLMMoM0drZ-w7MDqv4OlurJ--GtMnP13nghj5egoY5xV8wAICiW2wP43C9nk7IAy5PuW1MMuhfFJt8dppYI&amp;__tn__=kK-R\">Subsecretar\u00eda de Informaci\u00f3n y Desarrollo Institucional<\/a><a href=\"https:\/\/www.facebook.com\/Polic%C3%ADa-Vial-del-Estado-742624782471779\/?__cft__[0]=AZW9DOkyy5rbMch7sZKcnc-R2Fq6VhVb0IC_323CkI9u265QKLMMoM0drZ-w7MDqv4OlurJ--GtMnP13nghj5egoY5xV8wAICiW2wP43C9nk7IAy5PuW1MMuhfFJt8dppYI&amp;__tn__=kK-R\">Polic\u00eda Vial del Estado<\/a><a href=\"https:\/\/www.facebook.com\/policiaestataloaxaca\/?__cft__[0]=AZW9DOkyy5rbMch7sZKcnc-R2Fq6VhVb0IC_323CkI9u265QKLMMoM0drZ-w7MDqv4OlurJ--GtMnP13nghj5egoY5xV8wAICiW2wP43C9nk7IAy5PuW1MMuhfFJt8dppYI&amp;__tn__=kK-R\">Polic\u00eda Estatal de Oaxaca<\/a><a href=\"https:\/\/www.facebook.com\/pabic.oaxaca.3\/?__cft__[0]=AZW9DOkyy5rbMch7sZKcnc-R2Fq6VhVb0IC_323CkI9u265QKLMMoM0drZ-w7MDqv4OlurJ--GtMnP13nghj5egoY5xV8wAICiW2wP43C9nk7IAy5PuW1MMuhfFJt8dppYI&amp;__tn__=kK-R\">PABIC GobOax<\/a><a href=\"https:\/\/www.facebook.com\/Bomberos-GobOaxaca-778971665540424\/?__cft__[0]=AZW9DOkyy5rbMch7sZKcnc-R2Fq6VhVb0IC_323CkI9u265QKLMMoM0drZ-w7MDqv4OlurJ--GtMnP13nghj5egoY5xV8wAICiW2wP43C9nk7IAy5PuW1MMuhfFJt8dppYI&amp;__tn__=kK-R\">Bomberos GobOaxaca<\/a><a href=\"https:\/\/www.facebook.com\/Unidad-De-G%C3%A9nero-Sspo-106029774116309\/?__cft__[0]=AZW9DOkyy5rbMch7sZKcnc-R2Fq6VhVb0IC_323CkI9u265QKLMMoM0drZ-w7MDqv4OlurJ--GtMnP13nghj5egoY5xV8wAICiW2wP43C9nk7IAy5PuW1MMuhfFJt8dppYI&amp;__tn__=kK-R\">Unidad De G\u00e9nero Sspo<\/a><a href=\"https:\/\/www.facebook.com\/SprsGobOax\/?__cft__[0]=AZW9DOkyy5rbMch7sZKcnc-R2Fq6VhVb0IC_323CkI9u265QKLMMoM0drZ-w7MDqv4OlurJ--GtMnP13nghj5egoY5xV8wAICiW2wP43C9nk7IAy5PuW1MMuhfFJt8dppYI&amp;__tn__=kK-R\">Subsecretar\u00eda de Prevenci\u00f3n y Reinserci\u00f3n Social<\/a><a href=\"https:\/\/www.facebook.com\/CrehvmSspOaxaca\/?__cft__[0]=AZW9DOkyy5rbMch7sZKcnc-R2Fq6VhVb0IC_323CkI9u265QKLMMoM0drZ-w7MDqv4OlurJ--GtMnP13nghj5egoY5xV8wAICiW2wP43C9nk7IAy5PuW1MMuhfFJt8dppYI&amp;__tn__=kK-R\">Centro de Reeducaci\u00f3n para hombres que ejercen violencia contra las mujeres<\/a><\/p>\n\n\n\n<figure class=\"wp-block-image size-large\"><img loading=\"lazy\" decoding=\"async\" width=\"1024\" height=\"768\" src=\"https:\/\/sspo.gob.mx\/wp-content\/uploads\/2020\/11\/WhatsApp-Image-2020-11-21-at-3.47.44-PM-1024x768.jpeg\" alt=\"\" class=\"wp-image-48655\" srcset=\"https:\/\/www.sspo.gob.mx\/wp-content\/uploads\/2020\/11\/WhatsApp-Image-2020-11-21-at-3.47.44-PM-1024x768.jpeg 1024w, https:\/\/www.sspo.gob.mx\/wp-content\/uploads\/2020\/11\/WhatsApp-Image-2020-11-21-at-3.47.44-PM-300x225.jpeg 300w, https:\/\/www.sspo.gob.mx\/wp-content\/uploads\/2020\/11\/WhatsApp-Image-2020-11-21-at-3.47.44-PM-768x576.jpeg 768w, https:\/\/www.sspo.gob.mx\/wp-content\/uploads\/2020\/11\/WhatsApp-Image-2020-11-21-at-3.47.44-PM.jpeg 1152w\" sizes=\"(max-width: 1024px) 100vw, 1024px\" \/><\/figure>\n\n\n\n<figure class=\"wp-block-image size-large\"><img loading=\"lazy\" decoding=\"async\" width=\"1024\" height=\"768\" src=\"https:\/\/sspo.gob.mx\/wp-content\/uploads\/2020\/11\/WhatsApp-Image-2020-11-21-at-3.47.45-PM-1024x768.jpeg\" alt=\"\" class=\"wp-image-48656\" srcset=\"https:\/\/www.sspo.gob.mx\/wp-content\/uploads\/2020\/11\/WhatsApp-Image-2020-11-21-at-3.47.45-PM-1024x768.jpeg 1024w, https:\/\/www.sspo.gob.mx\/wp-content\/uploads\/2020\/11\/WhatsApp-Image-2020-11-21-at-3.47.45-PM-300x225.jpeg 300w, https:\/\/www.sspo.gob.mx\/wp-content\/uploads\/2020\/11\/WhatsApp-Image-2020-11-21-at-3.47.45-PM-768x576.jpeg 768w, https:\/\/www.sspo.gob.mx\/wp-content\/uploads\/2020\/11\/WhatsApp-Image-2020-11-21-at-3.47.45-PM.jpeg 1152w\" sizes=\"(max-width: 1024px) 100vw, 1024px\" \/><\/figure>\n\n\n\n<figure class=\"wp-block-image size-large\"><img loading=\"lazy\" decoding=\"async\" width=\"1024\" height=\"461\" src=\"https:\/\/sspo.gob.mx\/wp-content\/uploads\/2020\/11\/WhatsApp-Image-2020-11-21-at-3.48.09-PM-1-1024x461.jpeg\" alt=\"\" class=\"wp-image-48657\" srcset=\"https:\/\/www.sspo.gob.mx\/wp-content\/uploads\/2020\/11\/WhatsApp-Image-2020-11-21-at-3.48.09-PM-1-1024x461.jpeg 1024w, https:\/\/www.sspo.gob.mx\/wp-content\/uploads\/2020\/11\/WhatsApp-Image-2020-11-21-at-3.48.09-PM-1-300x135.jpeg 300w, https:\/\/www.sspo.gob.mx\/wp-content\/uploads\/2020\/11\/WhatsApp-Image-2020-11-21-at-3.48.09-PM-1-768x346.jpeg 768w, https:\/\/www.sspo.gob.mx\/wp-content\/uploads\/2020\/11\/WhatsApp-Image-2020-11-21-at-3.48.09-PM-1.jpeg 1280w\" sizes=\"(max-width: 1024px) 100vw, 1024px\" \/><\/figure>\n\n\n\n<figure class=\"wp-block-image size-large\"><img loading=\"lazy\" decoding=\"async\" width=\"1024\" height=\"768\" src=\"https:\/\/sspo.gob.mx\/wp-content\/uploads\/2020\/11\/WhatsApp-Image-2020-11-21-at-3.47.42-PM-1024x768.jpeg\" alt=\"\" class=\"wp-image-48654\" srcset=\"https:\/\/www.sspo.gob.mx\/wp-content\/uploads\/2020\/11\/WhatsApp-Image-2020-11-21-at-3.47.42-PM-1024x768.jpeg 1024w, https:\/\/www.sspo.gob.mx\/wp-content\/uploads\/2020\/11\/WhatsApp-Image-2020-11-21-at-3.47.42-PM-300x225.jpeg 300w, https:\/\/www.sspo.gob.mx\/wp-content\/uploads\/2020\/11\/WhatsApp-Image-2020-11-21-at-3.47.42-PM-768x576.jpeg 768w, https:\/\/www.sspo.gob.mx\/wp-content\/uploads\/2020\/11\/WhatsApp-Image-2020-11-21-at-3.47.42-PM.jpeg 1152w\" sizes=\"(max-width: 1024px) 100vw, 1024px\" \/><\/figure>\n\n\n\n<p><\/p>\n","protected":false},"excerpt":{"rendered":"<p>Personal de Prevenci\u00f3n SSPO, autoridades municipales, Guardia Nacional y vecinos de San Sebasti\u00e1n Tutla, llevaron acabo un tequio en la<\/p>\n","protected":false},"author":2,"featured_media":48654,"comment_status":"closed","ping_status":"closed","sticky":false,"template":"","format":"standard","meta":{"footnotes":""},"categories":[7],"tags":[],"_links":{"self":[{"href":"https:\/\/www.sspo.gob.mx\/index.php?rest_route=\/wp\/v2\/posts\/48653"}],"collection":[{"href":"https:\/\/www.sspo.gob.mx\/index.php?rest_route=\/wp\/v2\/posts"}],"about":[{"href":"https:\/\/www.sspo.gob.mx\/index.php?rest_route=\/wp\/v2\/types\/post"}],"author":[{"embeddable":true,"href":"https:\/\/www.sspo.gob.mx\/index.php?rest_route=\/wp\/v2\/users\/2"}],"replies":[{"embeddable":true,"href":"https:\/\/www.sspo.gob.mx\/index.php?rest_route=%2Fwp%2Fv2%2Fcomments&post=48653"}],"version-history":[{"count":1,"href":"https:\/\/www.sspo.gob.mx\/index.php?rest_route=\/wp\/v2\/posts\/48653\/revisions"}],"predecessor-version":[{"id":48658,"href":"https:\/\/www.sspo.gob.mx\/index.php?rest_route=\/wp\/v2\/posts\/48653\/revisions\/48658"}],"wp:featuredmedia":[{"embeddable":true,"href":"https:\/\/www.sspo.gob.mx\/index.php?rest_route=\/wp\/v2\/media\/48654"}],"wp:attachment":[{"href":"https:\/\/www.sspo.gob.mx\/index.php?rest_route=%2Fwp%2Fv2%2Fmedia&parent=48653"}],"wp:term":[{"taxonomy":"category","embeddable":true,"href":"https:\/\/www.sspo.gob.mx\/index.php?rest_route=%2Fwp%2Fv2%2Fcategories&post=48653"},{"taxonomy":"post_tag","embeddable":true,"href":"https:\/\/www.sspo.gob.mx\/index.php?rest_route=%2Fwp%2Fv2%2Ftags&post=48653"}],"curies":[{"name":"wp","href":"https:\/\/api.w.org\/{rel}","templated":true}]}}