{"id":49737,"date":"2021-01-21T15:52:40","date_gmt":"2021-01-21T21:52:40","guid":{"rendered":"https:\/\/sspo.gob.mx\/?p=49737"},"modified":"2021-01-21T15:52:40","modified_gmt":"2021-01-21T21:52:40","slug":"49737","status":"publish","type":"post","link":"https:\/\/www.sspo.gob.mx\/?p=49737","title":{"rendered":""},"content":{"rendered":"\n<p>A trav\u00e9s de los medios tecnol\u00f3gicos personal de la <a href=\"https:\/\/www.facebook.com\/policiaestataloaxaca\/?__cft__[0]=AZUHk5F8hAiccs4WhlFdYaR4zMoo4bfjONfDi1FLvAsGzfxlAnDlmjA7B2d9OqgVJXtwinI8kKmUnoFv6Zi_J4uIkY5w6JThocFHyNvTLC0DBC-5uQAhb4EL_e7gkpeSl-VRpvFu5_Z6eGi_9IrRZ0-C_P1jP-B1od-zMuVTIlx1sg&amp;__tn__=kK-R\">Polic\u00eda Estatal de Oaxaca<\/a> desplegados en las ocho regiones de la entidad, participaron en el taller \u201cDerechos de la Ni\u00f1ez Migrante&#8221;, impartida por la Comisi\u00f3n Nacional de los Derechos Humanos (CNDH) en coordinaci\u00f3n SIDEPOL. <a href=\"https:\/\/www.facebook.com\/hashtag\/oaxaca?__eep__=6&amp;__cft__[0]=AZUHk5F8hAiccs4WhlFdYaR4zMoo4bfjONfDi1FLvAsGzfxlAnDlmjA7B2d9OqgVJXtwinI8kKmUnoFv6Zi_J4uIkY5w6JThocFHyNvTLC0DBC-5uQAhb4EL_e7gkpeSl-VRpvFu5_Z6eGi_9IrRZ0-C_P1jP-B1od-zMuVTIlx1sg&amp;__tn__=*NK-R\">#Oaxaca<\/a><a href=\"https:\/\/www.facebook.com\/SIDI.Oaxaca\/?__cft__[0]=AZUHk5F8hAiccs4WhlFdYaR4zMoo4bfjONfDi1FLvAsGzfxlAnDlmjA7B2d9OqgVJXtwinI8kKmUnoFv6Zi_J4uIkY5w6JThocFHyNvTLC0DBC-5uQAhb4EL_e7gkpeSl-VRpvFu5_Z6eGi_9IrRZ0-C_P1jP-B1od-zMuVTIlx1sg&amp;__tn__=kK-R\">Subsecretar\u00eda de Informaci\u00f3n y Desarrollo Institucional<\/a><a href=\"https:\/\/www.facebook.com\/SprsGobOax\/?__cft__[0]=AZUHk5F8hAiccs4WhlFdYaR4zMoo4bfjONfDi1FLvAsGzfxlAnDlmjA7B2d9OqgVJXtwinI8kKmUnoFv6Zi_J4uIkY5w6JThocFHyNvTLC0DBC-5uQAhb4EL_e7gkpeSl-VRpvFu5_Z6eGi_9IrRZ0-C_P1jP-B1od-zMuVTIlx1sg&amp;__tn__=kK-R\">Subsecretar\u00eda de Prevenci\u00f3n y Reinserci\u00f3n Social<\/a><a href=\"https:\/\/www.facebook.com\/PVESTATAL?__cft__[0]=AZUHk5F8hAiccs4WhlFdYaR4zMoo4bfjONfDi1FLvAsGzfxlAnDlmjA7B2d9OqgVJXtwinI8kKmUnoFv6Zi_J4uIkY5w6JThocFHyNvTLC0DBC-5uQAhb4EL_e7gkpeSl-VRpvFu5_Z6eGi_9IrRZ0-C_P1jP-B1od-zMuVTIlx1sg&amp;__tn__=-]K-R\">Vialidad Estatal Oaxaca<\/a><a href=\"https:\/\/www.facebook.com\/pabic.oaxaca.3\/?__cft__[0]=AZUHk5F8hAiccs4WhlFdYaR4zMoo4bfjONfDi1FLvAsGzfxlAnDlmjA7B2d9OqgVJXtwinI8kKmUnoFv6Zi_J4uIkY5w6JThocFHyNvTLC0DBC-5uQAhb4EL_e7gkpeSl-VRpvFu5_Z6eGi_9IrRZ0-C_P1jP-B1od-zMuVTIlx1sg&amp;__tn__=kK-R\">PABIC GobOax<\/a><a href=\"https:\/\/www.facebook.com\/Bomberos-GobOaxaca-778971665540424\/?__cft__[0]=AZUHk5F8hAiccs4WhlFdYaR4zMoo4bfjONfDi1FLvAsGzfxlAnDlmjA7B2d9OqgVJXtwinI8kKmUnoFv6Zi_J4uIkY5w6JThocFHyNvTLC0DBC-5uQAhb4EL_e7gkpeSl-VRpvFu5_Z6eGi_9IrRZ0-C_P1jP-B1od-zMuVTIlx1sg&amp;__tn__=kK-R\">Bomberos GobOaxaca<\/a><a href=\"https:\/\/www.facebook.com\/Unidad-De-G%C3%A9nero-Sspo-106029774116309\/?__cft__[0]=AZUHk5F8hAiccs4WhlFdYaR4zMoo4bfjONfDi1FLvAsGzfxlAnDlmjA7B2d9OqgVJXtwinI8kKmUnoFv6Zi_J4uIkY5w6JThocFHyNvTLC0DBC-5uQAhb4EL_e7gkpeSl-VRpvFu5_Z6eGi_9IrRZ0-C_P1jP-B1od-zMuVTIlx1sg&amp;__tn__=kK-R\">Unidad De G\u00e9nero Sspo<\/a><a href=\"https:\/\/www.facebook.com\/policiaciberneticaoaxaca\/?__cft__[0]=AZUHk5F8hAiccs4WhlFdYaR4zMoo4bfjONfDi1FLvAsGzfxlAnDlmjA7B2d9OqgVJXtwinI8kKmUnoFv6Zi_J4uIkY5w6JThocFHyNvTLC0DBC-5uQAhb4EL_e7gkpeSl-VRpvFu5_Z6eGi_9IrRZ0-C_P1jP-B1od-zMuVTIlx1sg&amp;__tn__=kK-R\">Unidad de Polic\u00eda Cibern\u00e9tica Oaxaca<\/a><a href=\"https:\/\/www.facebook.com\/CrehvmSspOaxaca\/?__cft__[0]=AZUHk5F8hAiccs4WhlFdYaR4zMoo4bfjONfDi1FLvAsGzfxlAnDlmjA7B2d9OqgVJXtwinI8kKmUnoFv6Zi_J4uIkY5w6JThocFHyNvTLC0DBC-5uQAhb4EL_e7gkpeSl-VRpvFu5_Z6eGi_9IrRZ0-C_P1jP-B1od-zMuVTIlx1sg&amp;__tn__=kK-R\">Centro de Reeducaci\u00f3n para hombres que ejercen violencia contra las mujeres<\/a><a href=\"https:\/\/www.facebook.com\/prevencionsspo\/?__cft__[0]=AZUHk5F8hAiccs4WhlFdYaR4zMoo4bfjONfDi1FLvAsGzfxlAnDlmjA7B2d9OqgVJXtwinI8kKmUnoFv6Zi_J4uIkY5w6JThocFHyNvTLC0DBC-5uQAhb4EL_e7gkpeSl-VRpvFu5_Z6eGi_9IrRZ0-C_P1jP-B1od-zMuVTIlx1sg&amp;__tn__=kK-R\">Prevenci\u00f3n SSPO<\/a><\/p>\n\n\n\n<figure class=\"wp-block-gallery columns-2 is-cropped wp-block-gallery-1 is-layout-flex wp-block-gallery-is-layout-flex\"><ul class=\"blocks-gallery-grid\"><li class=\"blocks-gallery-item\"><figure><a href=\"https:\/\/sspo.gob.mx\/wp-content\/uploads\/2021\/01\/WhatsApp-Image-2021-01-20-at-4.18.23-PM.jpeg\"><img loading=\"lazy\" decoding=\"async\" width=\"1024\" height=\"682\" src=\"https:\/\/sspo.gob.mx\/wp-content\/uploads\/2021\/01\/WhatsApp-Image-2021-01-20-at-4.18.23-PM.jpeg\" alt=\"\" data-id=\"49738\" data-full-url=\"https:\/\/sspo.gob.mx\/wp-content\/uploads\/2021\/01\/WhatsApp-Image-2021-01-20-at-4.18.23-PM.jpeg\" data-link=\"https:\/\/sspo.gob.mx\/?attachment_id=49738\" class=\"wp-image-49738\" srcset=\"https:\/\/www.sspo.gob.mx\/wp-content\/uploads\/2021\/01\/WhatsApp-Image-2021-01-20-at-4.18.23-PM.jpeg 1024w, https:\/\/www.sspo.gob.mx\/wp-content\/uploads\/2021\/01\/WhatsApp-Image-2021-01-20-at-4.18.23-PM-300x200.jpeg 300w, https:\/\/www.sspo.gob.mx\/wp-content\/uploads\/2021\/01\/WhatsApp-Image-2021-01-20-at-4.18.23-PM-768x512.jpeg 768w\" sizes=\"(max-width: 1024px) 100vw, 1024px\" \/><\/a><\/figure><\/li><li class=\"blocks-gallery-item\"><figure><a href=\"https:\/\/sspo.gob.mx\/wp-content\/uploads\/2021\/01\/WhatsApp-Image-2021-01-20-at-4.18.24-PM.jpeg\"><img loading=\"lazy\" decoding=\"async\" width=\"1024\" height=\"576\" src=\"https:\/\/sspo.gob.mx\/wp-content\/uploads\/2021\/01\/WhatsApp-Image-2021-01-20-at-4.18.24-PM-1024x576.jpeg\" alt=\"\" data-id=\"49739\" data-full-url=\"https:\/\/sspo.gob.mx\/wp-content\/uploads\/2021\/01\/WhatsApp-Image-2021-01-20-at-4.18.24-PM.jpeg\" data-link=\"https:\/\/sspo.gob.mx\/?attachment_id=49739\" class=\"wp-image-49739\" srcset=\"https:\/\/www.sspo.gob.mx\/wp-content\/uploads\/2021\/01\/WhatsApp-Image-2021-01-20-at-4.18.24-PM-1024x576.jpeg 1024w, https:\/\/www.sspo.gob.mx\/wp-content\/uploads\/2021\/01\/WhatsApp-Image-2021-01-20-at-4.18.24-PM-300x169.jpeg 300w, https:\/\/www.sspo.gob.mx\/wp-content\/uploads\/2021\/01\/WhatsApp-Image-2021-01-20-at-4.18.24-PM-768x432.jpeg 768w, https:\/\/www.sspo.gob.mx\/wp-content\/uploads\/2021\/01\/WhatsApp-Image-2021-01-20-at-4.18.24-PM.jpeg 1280w\" sizes=\"(max-width: 1024px) 100vw, 1024px\" \/><\/a><\/figure><\/li><\/ul><\/figure>\n","protected":false},"excerpt":{"rendered":"<p>A trav\u00e9s de los medios tecnol\u00f3gicos personal de la Polic\u00eda Estatal de Oaxaca desplegados en las ocho regiones de la<\/p>\n","protected":false},"author":2,"featured_media":49738,"comment_status":"closed","ping_status":"closed","sticky":false,"template":"","format":"standard","meta":{"footnotes":""},"categories":[7],"tags":[],"_links":{"self":[{"href":"https:\/\/www.sspo.gob.mx\/index.php?rest_route=\/wp\/v2\/posts\/49737"}],"collection":[{"href":"https:\/\/www.sspo.gob.mx\/index.php?rest_route=\/wp\/v2\/posts"}],"about":[{"href":"https:\/\/www.sspo.gob.mx\/index.php?rest_route=\/wp\/v2\/types\/post"}],"author":[{"embeddable":true,"href":"https:\/\/www.sspo.gob.mx\/index.php?rest_route=\/wp\/v2\/users\/2"}],"replies":[{"embeddable":true,"href":"https:\/\/www.sspo.gob.mx\/index.php?rest_route=%2Fwp%2Fv2%2Fcomments&post=49737"}],"version-history":[{"count":1,"href":"https:\/\/www.sspo.gob.mx\/index.php?rest_route=\/wp\/v2\/posts\/49737\/revisions"}],"predecessor-version":[{"id":49740,"href":"https:\/\/www.sspo.gob.mx\/index.php?rest_route=\/wp\/v2\/posts\/49737\/revisions\/49740"}],"wp:featuredmedia":[{"embeddable":true,"href":"https:\/\/www.sspo.gob.mx\/index.php?rest_route=\/wp\/v2\/media\/49738"}],"wp:attachment":[{"href":"https:\/\/www.sspo.gob.mx\/index.php?rest_route=%2Fwp%2Fv2%2Fmedia&parent=49737"}],"wp:term":[{"taxonomy":"category","embeddable":true,"href":"https:\/\/www.sspo.gob.mx\/index.php?rest_route=%2Fwp%2Fv2%2Fcategories&post=49737"},{"taxonomy":"post_tag","embeddable":true,"href":"https:\/\/www.sspo.gob.mx\/index.php?rest_route=%2Fwp%2Fv2%2Ftags&post=49737"}],"curies":[{"name":"wp","href":"https:\/\/api.w.org\/{rel}","templated":true}]}}