{"id":51329,"date":"2021-06-02T23:38:57","date_gmt":"2021-06-03T05:38:57","guid":{"rendered":"https:\/\/sspo.gob.mx\/?p=51329"},"modified":"2021-06-02T23:38:57","modified_gmt":"2021-06-03T05:38:57","slug":"agreden-a-elementos-de-la-policia-estatal-en-santiago-tamazola","status":"publish","type":"post","link":"https:\/\/www.sspo.gob.mx\/?p=51329","title":{"rendered":"AGREDEN A ELEMENTOS DE LA POLIC\u00cdA ESTATAL EN SANTIAGO TAMAZOLA"},"content":{"rendered":"\n<p>La Secretar\u00eda de Seguridad P\u00fablica de Oaxaca (SSPO) informa que, este mi\u00e9rcoles elementos de la Polic\u00eda Estatal fueron agredidos en el Municipio de Santiago Tamazola, mientras realizaban tareas diarias de seguridad en la regi\u00f3n de la Mixteca.<\/p>\n\n\n\n<p>Los hechos se registraron en el paraje Tierra Blanca cuando los uniformados se encontraban realizando una inspecci\u00f3n preventiva de rutina a una unidad de motor; otra camioneta comenz\u00f3 a disparar contra los elementos policiales, mismos que repelieron la agresi\u00f3n.<\/p>\n\n\n\n<p>Durante dicha agresi\u00f3n, el elemento R.Z.G., perdi\u00f3 la vida debido a las lesiones causadas por el impacto de arma de fuego. Por otra parte, la SSPO reitera su compromiso, apoyo y acompa\u00f1amiento para los familiares del polic\u00eda acaecido en cumplimiento del deber.<\/p>\n\n\n\n<p>La SSPO condena estos hechos y mantendr\u00e1 coordinaci\u00f3n permanente con la Fiscal\u00eda General del Estado de Oaxaca (FGEO), para dar con quienes resulten responsables.<\/p>\n\n\n\n<figure class=\"wp-block-image size-large\"><a href=\"https:\/\/sspo.gob.mx\/wp-content\/uploads\/2021\/06\/escudo_gris.png\"><img loading=\"lazy\" decoding=\"async\" width=\"1024\" height=\"889\" src=\"https:\/\/sspo.gob.mx\/wp-content\/uploads\/2021\/06\/escudo_gris-1024x889.png\" alt=\"\" class=\"wp-image-51330\" srcset=\"https:\/\/www.sspo.gob.mx\/wp-content\/uploads\/2021\/06\/escudo_gris-1024x889.png 1024w, https:\/\/www.sspo.gob.mx\/wp-content\/uploads\/2021\/06\/escudo_gris-300x260.png 300w, https:\/\/www.sspo.gob.mx\/wp-content\/uploads\/2021\/06\/escudo_gris-768x667.png 768w, https:\/\/www.sspo.gob.mx\/wp-content\/uploads\/2021\/06\/escudo_gris-1536x1333.png 1536w, https:\/\/www.sspo.gob.mx\/wp-content\/uploads\/2021\/06\/escudo_gris-2048x1778.png 2048w\" sizes=\"(max-width: 1024px) 100vw, 1024px\" \/><\/a><\/figure>\n\n\n\n<p><strong>Oaxaca de Ju\u00e1rez, Oax.- a 02 de junio de 2021<\/strong><\/p>\n","protected":false},"excerpt":{"rendered":"<p>La Secretar\u00eda de Seguridad P\u00fablica de Oaxaca (SSPO) informa que, este mi\u00e9rcoles elementos de la Polic\u00eda Estatal fueron agredidos en<\/p>\n","protected":false},"author":2,"featured_media":51330,"comment_status":"closed","ping_status":"closed","sticky":false,"template":"","format":"standard","meta":{"footnotes":""},"categories":[7],"tags":[],"_links":{"self":[{"href":"https:\/\/www.sspo.gob.mx\/index.php?rest_route=\/wp\/v2\/posts\/51329"}],"collection":[{"href":"https:\/\/www.sspo.gob.mx\/index.php?rest_route=\/wp\/v2\/posts"}],"about":[{"href":"https:\/\/www.sspo.gob.mx\/index.php?rest_route=\/wp\/v2\/types\/post"}],"author":[{"embeddable":true,"href":"https:\/\/www.sspo.gob.mx\/index.php?rest_route=\/wp\/v2\/users\/2"}],"replies":[{"embeddable":true,"href":"https:\/\/www.sspo.gob.mx\/index.php?rest_route=%2Fwp%2Fv2%2Fcomments&post=51329"}],"version-history":[{"count":1,"href":"https:\/\/www.sspo.gob.mx\/index.php?rest_route=\/wp\/v2\/posts\/51329\/revisions"}],"predecessor-version":[{"id":51331,"href":"https:\/\/www.sspo.gob.mx\/index.php?rest_route=\/wp\/v2\/posts\/51329\/revisions\/51331"}],"wp:featuredmedia":[{"embeddable":true,"href":"https:\/\/www.sspo.gob.mx\/index.php?rest_route=\/wp\/v2\/media\/51330"}],"wp:attachment":[{"href":"https:\/\/www.sspo.gob.mx\/index.php?rest_route=%2Fwp%2Fv2%2Fmedia&parent=51329"}],"wp:term":[{"taxonomy":"category","embeddable":true,"href":"https:\/\/www.sspo.gob.mx\/index.php?rest_route=%2Fwp%2Fv2%2Fcategories&post=51329"},{"taxonomy":"post_tag","embeddable":true,"href":"https:\/\/www.sspo.gob.mx\/index.php?rest_route=%2Fwp%2Fv2%2Ftags&post=51329"}],"curies":[{"name":"wp","href":"https:\/\/api.w.org\/{rel}","templated":true}]}}