{"id":51371,"date":"2021-06-05T17:28:50","date_gmt":"2021-06-05T23:28:50","guid":{"rendered":"https:\/\/sspo.gob.mx\/?p=51371"},"modified":"2021-06-05T17:28:51","modified_gmt":"2021-06-05T23:28:51","slug":"51371","status":"publish","type":"post","link":"https:\/\/www.sspo.gob.mx\/?p=51371","title":{"rendered":""},"content":{"rendered":"\n<p>En el marco de la jornada electoral del <a href=\"https:\/\/www.facebook.com\/hashtag\/6junio?__eep__=6&amp;__cft__[0]=AZUD_s_43WuRqxtUgoP3XTU9yqvXdaY2RQ4prwJoQxwSfK1vsPl_6GEpC3LVsERynH783qXI3Ke9FE2pm_ryyCuABQebvd3fCqdp9QGdwcSpGGvBfBwPoF4a78OC14uGkjjsVYPNk_-AWSjatdAZ0PgP9JKmfBuK7uH_JZWUE4q1Eg&amp;__tn__=*NK-R\">#6Junio<\/a>; personal de la <a href=\"https:\/\/www.facebook.com\/policiaestataloaxaca\/?__cft__[0]=AZUD_s_43WuRqxtUgoP3XTU9yqvXdaY2RQ4prwJoQxwSfK1vsPl_6GEpC3LVsERynH783qXI3Ke9FE2pm_ryyCuABQebvd3fCqdp9QGdwcSpGGvBfBwPoF4a78OC14uGkjjsVYPNk_-AWSjatdAZ0PgP9JKmfBuK7uH_JZWUE4q1Eg&amp;__tn__=kK-R\">Polic\u00eda Estatal de OaxacaPolic\u00eda Estatal de Oaxaca<\/a> en coordinaci\u00f3n con la <a href=\"https:\/\/www.facebook.com\/SEDENAmxOficial\/?__cft__[0]=AZUD_s_43WuRqxtUgoP3XTU9yqvXdaY2RQ4prwJoQxwSfK1vsPl_6GEpC3LVsERynH783qXI3Ke9FE2pm_ryyCuABQebvd3fCqdp9QGdwcSpGGvBfBwPoF4a78OC14uGkjjsVYPNk_-AWSjatdAZ0PgP9JKmfBuK7uH_JZWUE4q1Eg&amp;__tn__=kK-R\">Secretar\u00eda de la Defensa Nacional<\/a> y <a href=\"https:\/\/www.facebook.com\/GUARDIA.NACIONAL.MX\/?__cft__[0]=AZUD_s_43WuRqxtUgoP3XTU9yqvXdaY2RQ4prwJoQxwSfK1vsPl_6GEpC3LVsERynH783qXI3Ke9FE2pm_ryyCuABQebvd3fCqdp9QGdwcSpGGvBfBwPoF4a78OC14uGkjjsVYPNk_-AWSjatdAZ0PgP9JKmfBuK7uH_JZWUE4q1Eg&amp;__tn__=kK-R\">Guardia Nacional<\/a>, implementan un operativo de seguridad, para brindar atenci\u00f3n a la ciudadan\u00eda, en la regi\u00f3n de la Cuenca del Papaloapan. <a href=\"https:\/\/www.facebook.com\/hashtag\/oaxaca?__eep__=6&amp;__cft__[0]=AZUD_s_43WuRqxtUgoP3XTU9yqvXdaY2RQ4prwJoQxwSfK1vsPl_6GEpC3LVsERynH783qXI3Ke9FE2pm_ryyCuABQebvd3fCqdp9QGdwcSpGGvBfBwPoF4a78OC14uGkjjsVYPNk_-AWSjatdAZ0PgP9JKmfBuK7uH_JZWUE4q1Eg&amp;__tn__=*NK-R\">#Oaxaca<\/a><a href=\"https:\/\/www.facebook.com\/SIDI.Oaxaca\/?__cft__[0]=AZUD_s_43WuRqxtUgoP3XTU9yqvXdaY2RQ4prwJoQxwSfK1vsPl_6GEpC3LVsERynH783qXI3Ke9FE2pm_ryyCuABQebvd3fCqdp9QGdwcSpGGvBfBwPoF4a78OC14uGkjjsVYPNk_-AWSjatdAZ0PgP9JKmfBuK7uH_JZWUE4q1Eg&amp;__tn__=kK-R\">Subsecretar\u00eda de Informaci\u00f3n y Desarrollo Institucional<\/a><a href=\"https:\/\/www.facebook.com\/SprsGobOax\/?__cft__[0]=AZUD_s_43WuRqxtUgoP3XTU9yqvXdaY2RQ4prwJoQxwSfK1vsPl_6GEpC3LVsERynH783qXI3Ke9FE2pm_ryyCuABQebvd3fCqdp9QGdwcSpGGvBfBwPoF4a78OC14uGkjjsVYPNk_-AWSjatdAZ0PgP9JKmfBuK7uH_JZWUE4q1Eg&amp;__tn__=kK-R\">Subsecretar\u00eda de Prevenci\u00f3n y Reinserci\u00f3n Social<\/a><a href=\"https:\/\/www.facebook.com\/prevencionsspo\/?__cft__[0]=AZUD_s_43WuRqxtUgoP3XTU9yqvXdaY2RQ4prwJoQxwSfK1vsPl_6GEpC3LVsERynH783qXI3Ke9FE2pm_ryyCuABQebvd3fCqdp9QGdwcSpGGvBfBwPoF4a78OC14uGkjjsVYPNk_-AWSjatdAZ0PgP9JKmfBuK7uH_JZWUE4q1Eg&amp;__tn__=kK-R\">Prevenci\u00f3n SSPO<\/a><a href=\"https:\/\/www.facebook.com\/CrehvmSspOaxaca\/?__cft__[0]=AZUD_s_43WuRqxtUgoP3XTU9yqvXdaY2RQ4prwJoQxwSfK1vsPl_6GEpC3LVsERynH783qXI3Ke9FE2pm_ryyCuABQebvd3fCqdp9QGdwcSpGGvBfBwPoF4a78OC14uGkjjsVYPNk_-AWSjatdAZ0PgP9JKmfBuK7uH_JZWUE4q1Eg&amp;__tn__=kK-R\">Centro de Reeducaci\u00f3n para hombres que ejercen violencia contra las mujeres<\/a><a href=\"https:\/\/www.facebook.com\/Centro-Estatal-de-Emergencias-701534809988683\/?__cft__[0]=AZUD_s_43WuRqxtUgoP3XTU9yqvXdaY2RQ4prwJoQxwSfK1vsPl_6GEpC3LVsERynH783qXI3Ke9FE2pm_ryyCuABQebvd3fCqdp9QGdwcSpGGvBfBwPoF4a78OC14uGkjjsVYPNk_-AWSjatdAZ0PgP9JKmfBuK7uH_JZWUE4q1Eg&amp;__tn__=kK-R\">Centro Estatal de Emergencias<\/a><a href=\"https:\/\/www.facebook.com\/pabic.oaxaca.3\/?__cft__[0]=AZUD_s_43WuRqxtUgoP3XTU9yqvXdaY2RQ4prwJoQxwSfK1vsPl_6GEpC3LVsERynH783qXI3Ke9FE2pm_ryyCuABQebvd3fCqdp9QGdwcSpGGvBfBwPoF4a78OC14uGkjjsVYPNk_-AWSjatdAZ0PgP9JKmfBuK7uH_JZWUE4q1Eg&amp;__tn__=kK-R\">PABIC GobOax<\/a><a href=\"https:\/\/www.facebook.com\/Bomberos-GobOaxaca-778971665540424\/?__cft__[0]=AZUD_s_43WuRqxtUgoP3XTU9yqvXdaY2RQ4prwJoQxwSfK1vsPl_6GEpC3LVsERynH783qXI3Ke9FE2pm_ryyCuABQebvd3fCqdp9QGdwcSpGGvBfBwPoF4a78OC14uGkjjsVYPNk_-AWSjatdAZ0PgP9JKmfBuK7uH_JZWUE4q1Eg&amp;__tn__=kK-R\">Bomberos GobOaxaca<\/a><a href=\"https:\/\/www.facebook.com\/Unidad-De-G%C3%A9nero-Sspo-106029774116309\/?__cft__[0]=AZUD_s_43WuRqxtUgoP3XTU9yqvXdaY2RQ4prwJoQxwSfK1vsPl_6GEpC3LVsERynH783qXI3Ke9FE2pm_ryyCuABQebvd3fCqdp9QGdwcSpGGvBfBwPoF4a78OC14uGkjjsVYPNk_-AWSjatdAZ0PgP9JKmfBuK7uH_JZWUE4q1Eg&amp;__tn__=kK-R\">Unidad De G\u00e9nero Sspo<\/a><a href=\"https:\/\/www.facebook.com\/policiaciberneticaoaxaca?__cft__[0]=AZUD_s_43WuRqxtUgoP3XTU9yqvXdaY2RQ4prwJoQxwSfK1vsPl_6GEpC3LVsERynH783qXI3Ke9FE2pm_ryyCuABQebvd3fCqdp9QGdwcSpGGvBfBwPoF4a78OC14uGkjjsVYPNk_-AWSjatdAZ0PgP9JKmfBuK7uH_JZWUE4q1Eg&amp;__tn__=-]K-R\">Unidad de Polic\u00eda Cibern\u00e9tica Oaxaca<\/a> <\/p>\n\n\n\n<p><\/p>\n\n\n\n<figure class=\"wp-block-image size-large\"><a href=\"https:\/\/sspo.gob.mx\/wp-content\/uploads\/2021\/06\/WhatsApp-Image-2021-06-05-at-5.32.42-PM.jpeg\"><img loading=\"lazy\" decoding=\"async\" width=\"1024\" height=\"471\" src=\"https:\/\/sspo.gob.mx\/wp-content\/uploads\/2021\/06\/WhatsApp-Image-2021-06-05-at-5.32.42-PM-1024x471.jpeg\" alt=\"\" class=\"wp-image-51372\" srcset=\"https:\/\/www.sspo.gob.mx\/wp-content\/uploads\/2021\/06\/WhatsApp-Image-2021-06-05-at-5.32.42-PM-1024x471.jpeg 1024w, https:\/\/www.sspo.gob.mx\/wp-content\/uploads\/2021\/06\/WhatsApp-Image-2021-06-05-at-5.32.42-PM-300x138.jpeg 300w, https:\/\/www.sspo.gob.mx\/wp-content\/uploads\/2021\/06\/WhatsApp-Image-2021-06-05-at-5.32.42-PM-768x353.jpeg 768w, https:\/\/www.sspo.gob.mx\/wp-content\/uploads\/2021\/06\/WhatsApp-Image-2021-06-05-at-5.32.42-PM.jpeg 1280w\" sizes=\"(max-width: 1024px) 100vw, 1024px\" \/><\/a><\/figure>\n","protected":false},"excerpt":{"rendered":"<p>En el marco de la jornada electoral del #6Junio; personal de la Polic\u00eda Estatal de OaxacaPolic\u00eda Estatal de Oaxaca en<\/p>\n","protected":false},"author":2,"featured_media":51372,"comment_status":"closed","ping_status":"closed","sticky":false,"template":"","format":"standard","meta":{"footnotes":""},"categories":[7],"tags":[],"_links":{"self":[{"href":"https:\/\/www.sspo.gob.mx\/index.php?rest_route=\/wp\/v2\/posts\/51371"}],"collection":[{"href":"https:\/\/www.sspo.gob.mx\/index.php?rest_route=\/wp\/v2\/posts"}],"about":[{"href":"https:\/\/www.sspo.gob.mx\/index.php?rest_route=\/wp\/v2\/types\/post"}],"author":[{"embeddable":true,"href":"https:\/\/www.sspo.gob.mx\/index.php?rest_route=\/wp\/v2\/users\/2"}],"replies":[{"embeddable":true,"href":"https:\/\/www.sspo.gob.mx\/index.php?rest_route=%2Fwp%2Fv2%2Fcomments&post=51371"}],"version-history":[{"count":1,"href":"https:\/\/www.sspo.gob.mx\/index.php?rest_route=\/wp\/v2\/posts\/51371\/revisions"}],"predecessor-version":[{"id":51373,"href":"https:\/\/www.sspo.gob.mx\/index.php?rest_route=\/wp\/v2\/posts\/51371\/revisions\/51373"}],"wp:featuredmedia":[{"embeddable":true,"href":"https:\/\/www.sspo.gob.mx\/index.php?rest_route=\/wp\/v2\/media\/51372"}],"wp:attachment":[{"href":"https:\/\/www.sspo.gob.mx\/index.php?rest_route=%2Fwp%2Fv2%2Fmedia&parent=51371"}],"wp:term":[{"taxonomy":"category","embeddable":true,"href":"https:\/\/www.sspo.gob.mx\/index.php?rest_route=%2Fwp%2Fv2%2Fcategories&post=51371"},{"taxonomy":"post_tag","embeddable":true,"href":"https:\/\/www.sspo.gob.mx\/index.php?rest_route=%2Fwp%2Fv2%2Ftags&post=51371"}],"curies":[{"name":"wp","href":"https:\/\/api.w.org\/{rel}","templated":true}]}}