{"id":51563,"date":"2021-06-14T11:54:36","date_gmt":"2021-06-14T17:54:36","guid":{"rendered":"https:\/\/sspo.gob.mx\/?p=51563"},"modified":"2021-06-14T11:54:37","modified_gmt":"2021-06-14T17:54:37","slug":"51563","status":"publish","type":"post","link":"https:\/\/www.sspo.gob.mx\/?p=51563","title":{"rendered":""},"content":{"rendered":"\n<p>Esta ma\u00f1ana, el Srio. Heliodoro D\u00edaz Esc\u00e1rraga, se reuni\u00f3 con mandos regionales de la <a href=\"https:\/\/www.facebook.com\/policiaestataloaxaca\/?__cft__[0]=AZVlreha9zDLK2kUsNySyqlHxLIGc5mrK9n1g15KqAkstXtIHfw9s6KLQgqN9MH3OcwrumYsjzfANjyDkKB2vuRtk79Q6RHUsmbdgcPARRjEWJLQVGE3ODiveZAuWWxNY1lo80Q6oLpEg0XPtvpaYO2RH7eC6tXZiBd7eXEWr5JEzA&amp;__tn__=kK-R\">Polic\u00eda Estatal de Oaxaca<\/a>, <a href=\"https:\/\/www.facebook.com\/Polic%C3%ADa-Vial-del-Estado-742624782471779\/?__cft__[0]=AZVlreha9zDLK2kUsNySyqlHxLIGc5mrK9n1g15KqAkstXtIHfw9s6KLQgqN9MH3OcwrumYsjzfANjyDkKB2vuRtk79Q6RHUsmbdgcPARRjEWJLQVGE3ODiveZAuWWxNY1lo80Q6oLpEg0XPtvpaYO2RH7eC6tXZiBd7eXEWr5JEzA&amp;__tn__=kK-R\">Polic\u00eda Vial del Estado<\/a> y <a href=\"https:\/\/www.facebook.com\/Bomberos-GobOaxaca-778971665540424\/?__cft__[0]=AZVlreha9zDLK2kUsNySyqlHxLIGc5mrK9n1g15KqAkstXtIHfw9s6KLQgqN9MH3OcwrumYsjzfANjyDkKB2vuRtk79Q6RHUsmbdgcPARRjEWJLQVGE3ODiveZAuWWxNY1lo80Q6oLpEg0XPtvpaYO2RH7eC6tXZiBd7eXEWr5JEzA&amp;__tn__=kK-R\">Bomberos GobOaxaca<\/a>.Asimismo, efectu\u00f3 una visita de inspecci\u00f3n en las comandancias de la regi\u00f3n. <a href=\"https:\/\/www.facebook.com\/hashtag\/oaxaca?__eep__=6&amp;__cft__[0]=AZVlreha9zDLK2kUsNySyqlHxLIGc5mrK9n1g15KqAkstXtIHfw9s6KLQgqN9MH3OcwrumYsjzfANjyDkKB2vuRtk79Q6RHUsmbdgcPARRjEWJLQVGE3ODiveZAuWWxNY1lo80Q6oLpEg0XPtvpaYO2RH7eC6tXZiBd7eXEWr5JEzA&amp;__tn__=*NK-R\">#Oaxaca<\/a><a href=\"https:\/\/www.facebook.com\/hashtag\/lasspocontigo?__eep__=6&amp;__cft__[0]=AZVlreha9zDLK2kUsNySyqlHxLIGc5mrK9n1g15KqAkstXtIHfw9s6KLQgqN9MH3OcwrumYsjzfANjyDkKB2vuRtk79Q6RHUsmbdgcPARRjEWJLQVGE3ODiveZAuWWxNY1lo80Q6oLpEg0XPtvpaYO2RH7eC6tXZiBd7eXEWr5JEzA&amp;__tn__=*NK-R\">#LaSSPOContigo<\/a><a href=\"https:\/\/www.facebook.com\/AlejandroMuratHinojosa\/?__cft__[0]=AZVlreha9zDLK2kUsNySyqlHxLIGc5mrK9n1g15KqAkstXtIHfw9s6KLQgqN9MH3OcwrumYsjzfANjyDkKB2vuRtk79Q6RHUsmbdgcPARRjEWJLQVGE3ODiveZAuWWxNY1lo80Q6oLpEg0XPtvpaYO2RH7eC6tXZiBd7eXEWr5JEzA&amp;__tn__=kK-R\">Alejandro Murat Hinojosa<\/a><a href=\"https:\/\/www.facebook.com\/GobOax\/?__cft__[0]=AZVlreha9zDLK2kUsNySyqlHxLIGc5mrK9n1g15KqAkstXtIHfw9s6KLQgqN9MH3OcwrumYsjzfANjyDkKB2vuRtk79Q6RHUsmbdgcPARRjEWJLQVGE3ODiveZAuWWxNY1lo80Q6oLpEg0XPtvpaYO2RH7eC6tXZiBd7eXEWr5JEzA&amp;__tn__=kK-R\">Gobierno del Estado de Oaxaca<\/a><a href=\"https:\/\/www.facebook.com\/SIDI.Oaxaca\/?__cft__[0]=AZVlreha9zDLK2kUsNySyqlHxLIGc5mrK9n1g15KqAkstXtIHfw9s6KLQgqN9MH3OcwrumYsjzfANjyDkKB2vuRtk79Q6RHUsmbdgcPARRjEWJLQVGE3ODiveZAuWWxNY1lo80Q6oLpEg0XPtvpaYO2RH7eC6tXZiBd7eXEWr5JEzA&amp;__tn__=kK-R\">Subsecretar\u00eda de Informaci\u00f3n y Desarrollo Institucional<\/a><a href=\"https:\/\/www.facebook.com\/SprsGobOax\/?__cft__[0]=AZVlreha9zDLK2kUsNySyqlHxLIGc5mrK9n1g15KqAkstXtIHfw9s6KLQgqN9MH3OcwrumYsjzfANjyDkKB2vuRtk79Q6RHUsmbdgcPARRjEWJLQVGE3ODiveZAuWWxNY1lo80Q6oLpEg0XPtvpaYO2RH7eC6tXZiBd7eXEWr5JEzA&amp;__tn__=kK-R\">Subsecretar\u00eda de Prevenci\u00f3n y Reinserci\u00f3n Social<\/a><a href=\"https:\/\/www.facebook.com\/pabic.oaxaca.3\/?__cft__[0]=AZVlreha9zDLK2kUsNySyqlHxLIGc5mrK9n1g15KqAkstXtIHfw9s6KLQgqN9MH3OcwrumYsjzfANjyDkKB2vuRtk79Q6RHUsmbdgcPARRjEWJLQVGE3ODiveZAuWWxNY1lo80Q6oLpEg0XPtvpaYO2RH7eC6tXZiBd7eXEWr5JEzA&amp;__tn__=kK-R\">PABIC GobOax<\/a><a href=\"https:\/\/www.facebook.com\/prevencionsspo\/?__cft__[0]=AZVlreha9zDLK2kUsNySyqlHxLIGc5mrK9n1g15KqAkstXtIHfw9s6KLQgqN9MH3OcwrumYsjzfANjyDkKB2vuRtk79Q6RHUsmbdgcPARRjEWJLQVGE3ODiveZAuWWxNY1lo80Q6oLpEg0XPtvpaYO2RH7eC6tXZiBd7eXEWr5JEzA&amp;__tn__=kK-R\">Prevenci\u00f3n SSPO<\/a><a href=\"https:\/\/www.facebook.com\/CrehvmSspOaxaca\/?__cft__[0]=AZVlreha9zDLK2kUsNySyqlHxLIGc5mrK9n1g15KqAkstXtIHfw9s6KLQgqN9MH3OcwrumYsjzfANjyDkKB2vuRtk79Q6RHUsmbdgcPARRjEWJLQVGE3ODiveZAuWWxNY1lo80Q6oLpEg0XPtvpaYO2RH7eC6tXZiBd7eXEWr5JEzA&amp;__tn__=kK-R\">Centro de Reeducaci\u00f3n para hombres que ejercen violencia contra las mujeres<\/a><a href=\"https:\/\/www.facebook.com\/Centro-Estatal-de-Emergencias-701534809988683\/?__cft__[0]=AZVlreha9zDLK2kUsNySyqlHxLIGc5mrK9n1g15KqAkstXtIHfw9s6KLQgqN9MH3OcwrumYsjzfANjyDkKB2vuRtk79Q6RHUsmbdgcPARRjEWJLQVGE3ODiveZAuWWxNY1lo80Q6oLpEg0XPtvpaYO2RH7eC6tXZiBd7eXEWr5JEzA&amp;__tn__=kK-R\">Centro Estatal de Emergencias<\/a><\/p>\n\n\n\n<figure class=\"wp-block-image size-large\"><a href=\"https:\/\/sspo.gob.mx\/wp-content\/uploads\/2021\/06\/WhatsApp-Image-2021-06-14-at-11.31.32-AM.jpeg\"><img loading=\"lazy\" decoding=\"async\" width=\"1024\" height=\"683\" src=\"https:\/\/sspo.gob.mx\/wp-content\/uploads\/2021\/06\/WhatsApp-Image-2021-06-14-at-11.31.32-AM.jpeg\" alt=\"\" class=\"wp-image-51565\" srcset=\"https:\/\/www.sspo.gob.mx\/wp-content\/uploads\/2021\/06\/WhatsApp-Image-2021-06-14-at-11.31.32-AM.jpeg 1024w, https:\/\/www.sspo.gob.mx\/wp-content\/uploads\/2021\/06\/WhatsApp-Image-2021-06-14-at-11.31.32-AM-300x200.jpeg 300w, https:\/\/www.sspo.gob.mx\/wp-content\/uploads\/2021\/06\/WhatsApp-Image-2021-06-14-at-11.31.32-AM-768x512.jpeg 768w\" sizes=\"(max-width: 1024px) 100vw, 1024px\" \/><\/a><\/figure>\n\n\n\n<figure class=\"wp-block-image size-large\"><a href=\"https:\/\/sspo.gob.mx\/wp-content\/uploads\/2021\/06\/Captura-1.jpg\"><img loading=\"lazy\" decoding=\"async\" width=\"853\" height=\"581\" src=\"https:\/\/sspo.gob.mx\/wp-content\/uploads\/2021\/06\/Captura-1.jpg\" alt=\"\" class=\"wp-image-51566\" srcset=\"https:\/\/www.sspo.gob.mx\/wp-content\/uploads\/2021\/06\/Captura-1.jpg 853w, https:\/\/www.sspo.gob.mx\/wp-content\/uploads\/2021\/06\/Captura-1-300x204.jpg 300w, https:\/\/www.sspo.gob.mx\/wp-content\/uploads\/2021\/06\/Captura-1-768x523.jpg 768w, https:\/\/www.sspo.gob.mx\/wp-content\/uploads\/2021\/06\/Captura-1-130x90.jpg 130w\" sizes=\"(max-width: 853px) 100vw, 853px\" \/><\/a><\/figure>\n","protected":false},"excerpt":{"rendered":"<p>Esta ma\u00f1ana, el Srio. Heliodoro D\u00edaz Esc\u00e1rraga, se reuni\u00f3 con mandos regionales de la Polic\u00eda Estatal de Oaxaca, Polic\u00eda Vial<\/p>\n","protected":false},"author":2,"featured_media":51566,"comment_status":"closed","ping_status":"closed","sticky":false,"template":"","format":"standard","meta":{"footnotes":""},"categories":[7],"tags":[],"_links":{"self":[{"href":"https:\/\/www.sspo.gob.mx\/index.php?rest_route=\/wp\/v2\/posts\/51563"}],"collection":[{"href":"https:\/\/www.sspo.gob.mx\/index.php?rest_route=\/wp\/v2\/posts"}],"about":[{"href":"https:\/\/www.sspo.gob.mx\/index.php?rest_route=\/wp\/v2\/types\/post"}],"author":[{"embeddable":true,"href":"https:\/\/www.sspo.gob.mx\/index.php?rest_route=\/wp\/v2\/users\/2"}],"replies":[{"embeddable":true,"href":"https:\/\/www.sspo.gob.mx\/index.php?rest_route=%2Fwp%2Fv2%2Fcomments&post=51563"}],"version-history":[{"count":1,"href":"https:\/\/www.sspo.gob.mx\/index.php?rest_route=\/wp\/v2\/posts\/51563\/revisions"}],"predecessor-version":[{"id":51567,"href":"https:\/\/www.sspo.gob.mx\/index.php?rest_route=\/wp\/v2\/posts\/51563\/revisions\/51567"}],"wp:featuredmedia":[{"embeddable":true,"href":"https:\/\/www.sspo.gob.mx\/index.php?rest_route=\/wp\/v2\/media\/51566"}],"wp:attachment":[{"href":"https:\/\/www.sspo.gob.mx\/index.php?rest_route=%2Fwp%2Fv2%2Fmedia&parent=51563"}],"wp:term":[{"taxonomy":"category","embeddable":true,"href":"https:\/\/www.sspo.gob.mx\/index.php?rest_route=%2Fwp%2Fv2%2Fcategories&post=51563"},{"taxonomy":"post_tag","embeddable":true,"href":"https:\/\/www.sspo.gob.mx\/index.php?rest_route=%2Fwp%2Fv2%2Ftags&post=51563"}],"curies":[{"name":"wp","href":"https:\/\/api.w.org\/{rel}","templated":true}]}}