{"id":52217,"date":"2021-07-06T15:04:17","date_gmt":"2021-07-06T21:04:17","guid":{"rendered":"https:\/\/sspo.gob.mx\/?p=52217"},"modified":"2021-07-06T15:04:18","modified_gmt":"2021-07-06T21:04:18","slug":"52217","status":"publish","type":"post","link":"https:\/\/www.sspo.gob.mx\/?p=52217","title":{"rendered":""},"content":{"rendered":"\n<p>Participamos en la Mesa de Coordinaci\u00f3n Territorial para la Construcci\u00f3n de la Paz, en la Mixteca.<\/p>\n\n\n\n<p>Mantenemos acciones permanentes entre los tres niveles de gobierno, para la construcci\u00f3n de un <a href=\"https:\/\/www.facebook.com\/hashtag\/oaxaca?__eep__=6&amp;__cft__[0]=AZWeauQn7TCvxvIbh7j6cXnZKp4gewI2RqYlbf-Hj4mI0TfMuXTxk2570li0hv_flrE8X7bmvFR4pEIzy4m66LuLYpMiQAgeu0UodgXM9coUlL-ztRQCz055NL3M4xqVFgynnHFQnKXrGa0aXPrYfnHyEmbegRpFOR0HhRljkzWn2A&amp;__tn__=*NK-R\">#Oaxaca<\/a> cada vez m\u00e1s seguro. <a href=\"https:\/\/www.facebook.com\/hashtag\/lasspocontigo?__eep__=6&amp;__cft__[0]=AZWeauQn7TCvxvIbh7j6cXnZKp4gewI2RqYlbf-Hj4mI0TfMuXTxk2570li0hv_flrE8X7bmvFR4pEIzy4m66LuLYpMiQAgeu0UodgXM9coUlL-ztRQCz055NL3M4xqVFgynnHFQnKXrGa0aXPrYfnHyEmbegRpFOR0HhRljkzWn2A&amp;__tn__=*NK-R\">#LaSSPOContigo<\/a><a href=\"https:\/\/www.facebook.com\/AlejandroMuratHinojosa\/?__cft__[0]=AZWeauQn7TCvxvIbh7j6cXnZKp4gewI2RqYlbf-Hj4mI0TfMuXTxk2570li0hv_flrE8X7bmvFR4pEIzy4m66LuLYpMiQAgeu0UodgXM9coUlL-ztRQCz055NL3M4xqVFgynnHFQnKXrGa0aXPrYfnHyEmbegRpFOR0HhRljkzWn2A&amp;__tn__=kK-R\">Alejandro Murat Hinojosa<\/a><a href=\"https:\/\/www.facebook.com\/GobOax\/?__cft__[0]=AZWeauQn7TCvxvIbh7j6cXnZKp4gewI2RqYlbf-Hj4mI0TfMuXTxk2570li0hv_flrE8X7bmvFR4pEIzy4m66LuLYpMiQAgeu0UodgXM9coUlL-ztRQCz055NL3M4xqVFgynnHFQnKXrGa0aXPrYfnHyEmbegRpFOR0HhRljkzWn2A&amp;__tn__=kK-R\">Gobierno del Estado de Oaxaca<\/a><a href=\"https:\/\/www.facebook.com\/SIDI.Oaxaca\/?__cft__[0]=AZWeauQn7TCvxvIbh7j6cXnZKp4gewI2RqYlbf-Hj4mI0TfMuXTxk2570li0hv_flrE8X7bmvFR4pEIzy4m66LuLYpMiQAgeu0UodgXM9coUlL-ztRQCz055NL3M4xqVFgynnHFQnKXrGa0aXPrYfnHyEmbegRpFOR0HhRljkzWn2A&amp;__tn__=kK-R\">Subsecretar\u00eda de Informaci\u00f3n y Desarrollo Institucional<\/a><a href=\"https:\/\/www.facebook.com\/SprsGobOax\/?__cft__[0]=AZWeauQn7TCvxvIbh7j6cXnZKp4gewI2RqYlbf-Hj4mI0TfMuXTxk2570li0hv_flrE8X7bmvFR4pEIzy4m66LuLYpMiQAgeu0UodgXM9coUlL-ztRQCz055NL3M4xqVFgynnHFQnKXrGa0aXPrYfnHyEmbegRpFOR0HhRljkzWn2A&amp;__tn__=kK-R\">Subsecretar\u00eda de Prevenci\u00f3n y Reinserci\u00f3n Social<\/a><a href=\"https:\/\/www.facebook.com\/Centro-Estatal-de-Emergencias-701534809988683\/?__cft__[0]=AZWeauQn7TCvxvIbh7j6cXnZKp4gewI2RqYlbf-Hj4mI0TfMuXTxk2570li0hv_flrE8X7bmvFR4pEIzy4m66LuLYpMiQAgeu0UodgXM9coUlL-ztRQCz055NL3M4xqVFgynnHFQnKXrGa0aXPrYfnHyEmbegRpFOR0HhRljkzWn2A&amp;__tn__=kK-R\">Centro Estatal de Emergencias<\/a><a href=\"https:\/\/www.facebook.com\/GUARDIA.NACIONAL.MX\/?__cft__[0]=AZWeauQn7TCvxvIbh7j6cXnZKp4gewI2RqYlbf-Hj4mI0TfMuXTxk2570li0hv_flrE8X7bmvFR4pEIzy4m66LuLYpMiQAgeu0UodgXM9coUlL-ztRQCz055NL3M4xqVFgynnHFQnKXrGa0aXPrYfnHyEmbegRpFOR0HhRljkzWn2A&amp;__tn__=kK-R\">Guardia Nacional<\/a><a href=\"https:\/\/www.facebook.com\/policiaestataloaxaca\/?__cft__[0]=AZWeauQn7TCvxvIbh7j6cXnZKp4gewI2RqYlbf-Hj4mI0TfMuXTxk2570li0hv_flrE8X7bmvFR4pEIzy4m66LuLYpMiQAgeu0UodgXM9coUlL-ztRQCz055NL3M4xqVFgynnHFQnKXrGa0aXPrYfnHyEmbegRpFOR0HhRljkzWn2A&amp;__tn__=kK-R\">Polic\u00eda Estatal de Oaxaca<\/a><a href=\"https:\/\/www.facebook.com\/Polic%C3%ADa-Vial-del-Estado-742624782471779\/?__cft__[0]=AZWeauQn7TCvxvIbh7j6cXnZKp4gewI2RqYlbf-Hj4mI0TfMuXTxk2570li0hv_flrE8X7bmvFR4pEIzy4m66LuLYpMiQAgeu0UodgXM9coUlL-ztRQCz055NL3M4xqVFgynnHFQnKXrGa0aXPrYfnHyEmbegRpFOR0HhRljkzWn2A&amp;__tn__=kK-R\">Polic\u00eda Vial del Estado<\/a><a href=\"https:\/\/www.facebook.com\/pabic.oaxaca.3\/?__cft__[0]=AZWeauQn7TCvxvIbh7j6cXnZKp4gewI2RqYlbf-Hj4mI0TfMuXTxk2570li0hv_flrE8X7bmvFR4pEIzy4m66LuLYpMiQAgeu0UodgXM9coUlL-ztRQCz055NL3M4xqVFgynnHFQnKXrGa0aXPrYfnHyEmbegRpFOR0HhRljkzWn2A&amp;__tn__=kK-R\">PABIC GobOax<\/a><a href=\"https:\/\/www.facebook.com\/Bomberos-GobOaxaca-778971665540424\/?__cft__[0]=AZWeauQn7TCvxvIbh7j6cXnZKp4gewI2RqYlbf-Hj4mI0TfMuXTxk2570li0hv_flrE8X7bmvFR4pEIzy4m66LuLYpMiQAgeu0UodgXM9coUlL-ztRQCz055NL3M4xqVFgynnHFQnKXrGa0aXPrYfnHyEmbegRpFOR0HhRljkzWn2A&amp;__tn__=kK-R\">Bomberos GobOaxaca<\/a><\/p>\n\n\n\n<figure class=\"wp-block-image size-large\"><a href=\"https:\/\/sspo.gob.mx\/wp-content\/uploads\/2021\/07\/WhatsApp-Image-2021-07-06-at-3.11.46-PM.jpeg\"><img loading=\"lazy\" decoding=\"async\" width=\"1024\" height=\"576\" src=\"https:\/\/sspo.gob.mx\/wp-content\/uploads\/2021\/07\/WhatsApp-Image-2021-07-06-at-3.11.46-PM-1024x576.jpeg\" alt=\"\" class=\"wp-image-52218\" srcset=\"https:\/\/www.sspo.gob.mx\/wp-content\/uploads\/2021\/07\/WhatsApp-Image-2021-07-06-at-3.11.46-PM-1024x576.jpeg 1024w, https:\/\/www.sspo.gob.mx\/wp-content\/uploads\/2021\/07\/WhatsApp-Image-2021-07-06-at-3.11.46-PM-300x169.jpeg 300w, https:\/\/www.sspo.gob.mx\/wp-content\/uploads\/2021\/07\/WhatsApp-Image-2021-07-06-at-3.11.46-PM-768x432.jpeg 768w, https:\/\/www.sspo.gob.mx\/wp-content\/uploads\/2021\/07\/WhatsApp-Image-2021-07-06-at-3.11.46-PM-1536x864.jpeg 1536w, https:\/\/www.sspo.gob.mx\/wp-content\/uploads\/2021\/07\/WhatsApp-Image-2021-07-06-at-3.11.46-PM.jpeg 1600w\" sizes=\"(max-width: 1024px) 100vw, 1024px\" \/><\/a><\/figure>\n\n\n\n<figure class=\"wp-block-image size-large\"><a href=\"https:\/\/sspo.gob.mx\/wp-content\/uploads\/2021\/07\/WhatsApp-Image-2021-07-06-at-3.11.45-PM.jpeg\"><img loading=\"lazy\" decoding=\"async\" width=\"1024\" height=\"479\" src=\"https:\/\/sspo.gob.mx\/wp-content\/uploads\/2021\/07\/WhatsApp-Image-2021-07-06-at-3.11.45-PM-1024x479.jpeg\" alt=\"\" class=\"wp-image-52219\" srcset=\"https:\/\/www.sspo.gob.mx\/wp-content\/uploads\/2021\/07\/WhatsApp-Image-2021-07-06-at-3.11.45-PM-1024x479.jpeg 1024w, https:\/\/www.sspo.gob.mx\/wp-content\/uploads\/2021\/07\/WhatsApp-Image-2021-07-06-at-3.11.45-PM-300x140.jpeg 300w, https:\/\/www.sspo.gob.mx\/wp-content\/uploads\/2021\/07\/WhatsApp-Image-2021-07-06-at-3.11.45-PM-768x359.jpeg 768w, https:\/\/www.sspo.gob.mx\/wp-content\/uploads\/2021\/07\/WhatsApp-Image-2021-07-06-at-3.11.45-PM-1536x718.jpeg 1536w, https:\/\/www.sspo.gob.mx\/wp-content\/uploads\/2021\/07\/WhatsApp-Image-2021-07-06-at-3.11.45-PM.jpeg 1600w\" sizes=\"(max-width: 1024px) 100vw, 1024px\" \/><\/a><\/figure>\n\n\n\n<figure class=\"wp-block-image size-large\"><a href=\"https:\/\/sspo.gob.mx\/wp-content\/uploads\/2021\/07\/WhatsApp-Image-2021-07-06-at-3.11.45-PM-1.jpeg\"><img loading=\"lazy\" decoding=\"async\" width=\"1024\" height=\"576\" src=\"https:\/\/sspo.gob.mx\/wp-content\/uploads\/2021\/07\/WhatsApp-Image-2021-07-06-at-3.11.45-PM-1-1024x576.jpeg\" alt=\"\" class=\"wp-image-52220\" srcset=\"https:\/\/www.sspo.gob.mx\/wp-content\/uploads\/2021\/07\/WhatsApp-Image-2021-07-06-at-3.11.45-PM-1-1024x576.jpeg 1024w, https:\/\/www.sspo.gob.mx\/wp-content\/uploads\/2021\/07\/WhatsApp-Image-2021-07-06-at-3.11.45-PM-1-300x169.jpeg 300w, https:\/\/www.sspo.gob.mx\/wp-content\/uploads\/2021\/07\/WhatsApp-Image-2021-07-06-at-3.11.45-PM-1-768x432.jpeg 768w, https:\/\/www.sspo.gob.mx\/wp-content\/uploads\/2021\/07\/WhatsApp-Image-2021-07-06-at-3.11.45-PM-1-1536x864.jpeg 1536w, https:\/\/www.sspo.gob.mx\/wp-content\/uploads\/2021\/07\/WhatsApp-Image-2021-07-06-at-3.11.45-PM-1.jpeg 1600w\" sizes=\"(max-width: 1024px) 100vw, 1024px\" \/><\/a><\/figure>\n\n\n\n<figure class=\"wp-block-image size-large\"><a href=\"https:\/\/sspo.gob.mx\/wp-content\/uploads\/2021\/07\/WhatsApp-Image-2021-07-06-at-3.11.44-PM.jpeg\"><img loading=\"lazy\" decoding=\"async\" width=\"1024\" height=\"576\" src=\"https:\/\/sspo.gob.mx\/wp-content\/uploads\/2021\/07\/WhatsApp-Image-2021-07-06-at-3.11.44-PM-1024x576.jpeg\" alt=\"\" class=\"wp-image-52221\" srcset=\"https:\/\/www.sspo.gob.mx\/wp-content\/uploads\/2021\/07\/WhatsApp-Image-2021-07-06-at-3.11.44-PM-1024x576.jpeg 1024w, https:\/\/www.sspo.gob.mx\/wp-content\/uploads\/2021\/07\/WhatsApp-Image-2021-07-06-at-3.11.44-PM-300x169.jpeg 300w, https:\/\/www.sspo.gob.mx\/wp-content\/uploads\/2021\/07\/WhatsApp-Image-2021-07-06-at-3.11.44-PM-768x432.jpeg 768w, https:\/\/www.sspo.gob.mx\/wp-content\/uploads\/2021\/07\/WhatsApp-Image-2021-07-06-at-3.11.44-PM-1536x864.jpeg 1536w, https:\/\/www.sspo.gob.mx\/wp-content\/uploads\/2021\/07\/WhatsApp-Image-2021-07-06-at-3.11.44-PM.jpeg 1600w\" sizes=\"(max-width: 1024px) 100vw, 1024px\" \/><\/a><\/figure>\n","protected":false},"excerpt":{"rendered":"<p>Participamos en la Mesa de Coordinaci\u00f3n Territorial para la Construcci\u00f3n de la Paz, en la Mixteca. Mantenemos acciones permanentes entre<\/p>\n","protected":false},"author":2,"featured_media":52221,"comment_status":"closed","ping_status":"closed","sticky":false,"template":"","format":"standard","meta":{"footnotes":""},"categories":[7],"tags":[],"_links":{"self":[{"href":"https:\/\/www.sspo.gob.mx\/index.php?rest_route=\/wp\/v2\/posts\/52217"}],"collection":[{"href":"https:\/\/www.sspo.gob.mx\/index.php?rest_route=\/wp\/v2\/posts"}],"about":[{"href":"https:\/\/www.sspo.gob.mx\/index.php?rest_route=\/wp\/v2\/types\/post"}],"author":[{"embeddable":true,"href":"https:\/\/www.sspo.gob.mx\/index.php?rest_route=\/wp\/v2\/users\/2"}],"replies":[{"embeddable":true,"href":"https:\/\/www.sspo.gob.mx\/index.php?rest_route=%2Fwp%2Fv2%2Fcomments&post=52217"}],"version-history":[{"count":1,"href":"https:\/\/www.sspo.gob.mx\/index.php?rest_route=\/wp\/v2\/posts\/52217\/revisions"}],"predecessor-version":[{"id":52222,"href":"https:\/\/www.sspo.gob.mx\/index.php?rest_route=\/wp\/v2\/posts\/52217\/revisions\/52222"}],"wp:featuredmedia":[{"embeddable":true,"href":"https:\/\/www.sspo.gob.mx\/index.php?rest_route=\/wp\/v2\/media\/52221"}],"wp:attachment":[{"href":"https:\/\/www.sspo.gob.mx\/index.php?rest_route=%2Fwp%2Fv2%2Fmedia&parent=52217"}],"wp:term":[{"taxonomy":"category","embeddable":true,"href":"https:\/\/www.sspo.gob.mx\/index.php?rest_route=%2Fwp%2Fv2%2Fcategories&post=52217"},{"taxonomy":"post_tag","embeddable":true,"href":"https:\/\/www.sspo.gob.mx\/index.php?rest_route=%2Fwp%2Fv2%2Ftags&post=52217"}],"curies":[{"name":"wp","href":"https:\/\/api.w.org\/{rel}","templated":true}]}}