{"id":52799,"date":"2021-11-11T16:54:24","date_gmt":"2021-11-11T22:54:24","guid":{"rendered":"https:\/\/sspo.gob.mx\/?p=52799"},"modified":"2021-11-11T16:54:25","modified_gmt":"2021-11-11T22:54:25","slug":"52799","status":"publish","type":"post","link":"https:\/\/www.sspo.gob.mx\/?p=52799","title":{"rendered":""},"content":{"rendered":"\n<p>El Secretario Heliodoro D\u00edaz Esc\u00e1rraga encabeza mesa de an\u00e1lisis y seguridad con alcaldes en San Pedro Ixtlahuaca.<\/p>\n\n\n\n<p>Capacitaci\u00f3n, Informe municipal de incidencias delictivas, Gesti\u00f3n de m\u00f3dulos de seguridad, Campa\u00f1as de prevenci\u00f3n del delito y fomento a la denuncia; fueron parte de los temas.<\/p>\n\n\n\n<figure class=\"wp-block-image size-large\"><a href=\"https:\/\/sspo.gob.mx\/wp-content\/uploads\/2021\/11\/FD73dt3VcAQPDu1.jpg\"><img loading=\"lazy\" decoding=\"async\" width=\"1024\" height=\"683\" src=\"https:\/\/sspo.gob.mx\/wp-content\/uploads\/2021\/11\/FD73dt3VcAQPDu1-1024x683.jpg\" alt=\"\" class=\"wp-image-52800\" srcset=\"https:\/\/www.sspo.gob.mx\/wp-content\/uploads\/2021\/11\/FD73dt3VcAQPDu1-1024x683.jpg 1024w, https:\/\/www.sspo.gob.mx\/wp-content\/uploads\/2021\/11\/FD73dt3VcAQPDu1-300x200.jpg 300w, https:\/\/www.sspo.gob.mx\/wp-content\/uploads\/2021\/11\/FD73dt3VcAQPDu1-768x512.jpg 768w, https:\/\/www.sspo.gob.mx\/wp-content\/uploads\/2021\/11\/FD73dt3VcAQPDu1-1536x1024.jpg 1536w, https:\/\/www.sspo.gob.mx\/wp-content\/uploads\/2021\/11\/FD73dt3VcAQPDu1.jpg 1599w\" sizes=\"(max-width: 1024px) 100vw, 1024px\" \/><\/a><\/figure>\n\n\n\n<figure class=\"wp-block-image size-large\"><a href=\"https:\/\/sspo.gob.mx\/wp-content\/uploads\/2021\/11\/FD73efuVkAIA4W9.jpg\"><img loading=\"lazy\" decoding=\"async\" width=\"1024\" height=\"683\" src=\"https:\/\/sspo.gob.mx\/wp-content\/uploads\/2021\/11\/FD73efuVkAIA4W9-1024x683.jpg\" alt=\"\" class=\"wp-image-52801\" srcset=\"https:\/\/www.sspo.gob.mx\/wp-content\/uploads\/2021\/11\/FD73efuVkAIA4W9-1024x683.jpg 1024w, https:\/\/www.sspo.gob.mx\/wp-content\/uploads\/2021\/11\/FD73efuVkAIA4W9-300x200.jpg 300w, https:\/\/www.sspo.gob.mx\/wp-content\/uploads\/2021\/11\/FD73efuVkAIA4W9-768x512.jpg 768w, https:\/\/www.sspo.gob.mx\/wp-content\/uploads\/2021\/11\/FD73efuVkAIA4W9-1536x1024.jpg 1536w, https:\/\/www.sspo.gob.mx\/wp-content\/uploads\/2021\/11\/FD73efuVkAIA4W9.jpg 1599w\" sizes=\"(max-width: 1024px) 100vw, 1024px\" \/><\/a><\/figure>\n","protected":false},"excerpt":{"rendered":"<p>El Secretario Heliodoro D\u00edaz Esc\u00e1rraga encabeza mesa de an\u00e1lisis y seguridad con alcaldes en San Pedro Ixtlahuaca. Capacitaci\u00f3n, Informe municipal<\/p>\n","protected":false},"author":2,"featured_media":52802,"comment_status":"closed","ping_status":"closed","sticky":false,"template":"","format":"standard","meta":{"footnotes":""},"categories":[7],"tags":[],"_links":{"self":[{"href":"https:\/\/www.sspo.gob.mx\/index.php?rest_route=\/wp\/v2\/posts\/52799"}],"collection":[{"href":"https:\/\/www.sspo.gob.mx\/index.php?rest_route=\/wp\/v2\/posts"}],"about":[{"href":"https:\/\/www.sspo.gob.mx\/index.php?rest_route=\/wp\/v2\/types\/post"}],"author":[{"embeddable":true,"href":"https:\/\/www.sspo.gob.mx\/index.php?rest_route=\/wp\/v2\/users\/2"}],"replies":[{"embeddable":true,"href":"https:\/\/www.sspo.gob.mx\/index.php?rest_route=%2Fwp%2Fv2%2Fcomments&post=52799"}],"version-history":[{"count":1,"href":"https:\/\/www.sspo.gob.mx\/index.php?rest_route=\/wp\/v2\/posts\/52799\/revisions"}],"predecessor-version":[{"id":52803,"href":"https:\/\/www.sspo.gob.mx\/index.php?rest_route=\/wp\/v2\/posts\/52799\/revisions\/52803"}],"wp:featuredmedia":[{"embeddable":true,"href":"https:\/\/www.sspo.gob.mx\/index.php?rest_route=\/wp\/v2\/media\/52802"}],"wp:attachment":[{"href":"https:\/\/www.sspo.gob.mx\/index.php?rest_route=%2Fwp%2Fv2%2Fmedia&parent=52799"}],"wp:term":[{"taxonomy":"category","embeddable":true,"href":"https:\/\/www.sspo.gob.mx\/index.php?rest_route=%2Fwp%2Fv2%2Fcategories&post=52799"},{"taxonomy":"post_tag","embeddable":true,"href":"https:\/\/www.sspo.gob.mx\/index.php?rest_route=%2Fwp%2Fv2%2Ftags&post=52799"}],"curies":[{"name":"wp","href":"https:\/\/api.w.org\/{rel}","templated":true}]}}