{"id":53091,"date":"2022-03-11T13:23:07","date_gmt":"2022-03-11T19:23:07","guid":{"rendered":"https:\/\/sspo.gob.mx\/?p=53091"},"modified":"2022-03-11T13:23:08","modified_gmt":"2022-03-11T19:23:08","slug":"trasladan-a-tanivet-varonil-a-presunto-autor-material-de-hechos-violentos-en-la-region-del-istmo%ef%bf%bc","status":"publish","type":"post","link":"https:\/\/www.sspo.gob.mx\/?p=53091","title":{"rendered":"TRASLADAN A TANIVET, VARONIL, A PRESUNTO AUTOR MATERIAL DE HECHOS VIOLENTOS EN LA REGI\u00d3N DEL ISTMO\ufffc"},"content":{"rendered":"\n<p><br>*<em>Coadyuvan en esta acci\u00f3n Elementos de la Polic\u00eda Estatal, Fiscal\u00eda General del Estado, la Sedena y Guardia Nacional.<\/em><\/p>\n\n\n\n<p><strong>Juchit\u00e1n de Zaragoza, Oaxaca, 11 de marzo 2022.-<\/strong>&nbsp;En trabajo coordinado entre los tres \u00f3rdenes de gobierno, se logr\u00f3 la captura de M.J.A,&nbsp; de quien se presume ser uno de los principales generadores de violencia en la regi\u00f3n del Istmo; se le relaciona con los hechos violentos sobre la ejecuci\u00f3n de cuatro integrantes de una familia ocurrido en Juchit\u00e1n de Zaragoza.<\/p>\n\n\n\n<p>El presunto fue trasladado al Centro Penitenciario Tanivet, varonil, custodiado por elementos de la Polic\u00eda Estatal, Agencia Estatal de Investigaciones, la Sedena y Guardia Nacional.<\/p>\n\n\n\n<p>M.J.A, es el segundo detenido por su presunta participaci\u00f3n en hechos violentos en la regi\u00f3n del Istmo.\u00a0<\/p>\n\n\n\n<p><\/p>\n","protected":false},"excerpt":{"rendered":"<p>*Coadyuvan en esta acci\u00f3n Elementos de la Polic\u00eda Estatal, Fiscal\u00eda General del Estado, la Sedena y Guardia Nacional. Juchit\u00e1n de<\/p>\n","protected":false},"author":2,"featured_media":53092,"comment_status":"closed","ping_status":"closed","sticky":false,"template":"","format":"standard","meta":{"footnotes":""},"categories":[7],"tags":[],"_links":{"self":[{"href":"https:\/\/www.sspo.gob.mx\/index.php?rest_route=\/wp\/v2\/posts\/53091"}],"collection":[{"href":"https:\/\/www.sspo.gob.mx\/index.php?rest_route=\/wp\/v2\/posts"}],"about":[{"href":"https:\/\/www.sspo.gob.mx\/index.php?rest_route=\/wp\/v2\/types\/post"}],"author":[{"embeddable":true,"href":"https:\/\/www.sspo.gob.mx\/index.php?rest_route=\/wp\/v2\/users\/2"}],"replies":[{"embeddable":true,"href":"https:\/\/www.sspo.gob.mx\/index.php?rest_route=%2Fwp%2Fv2%2Fcomments&post=53091"}],"version-history":[{"count":1,"href":"https:\/\/www.sspo.gob.mx\/index.php?rest_route=\/wp\/v2\/posts\/53091\/revisions"}],"predecessor-version":[{"id":53093,"href":"https:\/\/www.sspo.gob.mx\/index.php?rest_route=\/wp\/v2\/posts\/53091\/revisions\/53093"}],"wp:featuredmedia":[{"embeddable":true,"href":"https:\/\/www.sspo.gob.mx\/index.php?rest_route=\/wp\/v2\/media\/53092"}],"wp:attachment":[{"href":"https:\/\/www.sspo.gob.mx\/index.php?rest_route=%2Fwp%2Fv2%2Fmedia&parent=53091"}],"wp:term":[{"taxonomy":"category","embeddable":true,"href":"https:\/\/www.sspo.gob.mx\/index.php?rest_route=%2Fwp%2Fv2%2Fcategories&post=53091"},{"taxonomy":"post_tag","embeddable":true,"href":"https:\/\/www.sspo.gob.mx\/index.php?rest_route=%2Fwp%2Fv2%2Ftags&post=53091"}],"curies":[{"name":"wp","href":"https:\/\/api.w.org\/{rel}","templated":true}]}}