{"id":53305,"date":"2022-06-22T10:39:33","date_gmt":"2022-06-22T16:39:33","guid":{"rendered":"https:\/\/sspo.gob.mx\/?p=53305"},"modified":"2022-06-22T10:39:34","modified_gmt":"2022-06-22T16:39:34","slug":"inaugura-bomberos-y-secretaria-del-trabajo-semana-de-seguridad-y-salud-2022","status":"publish","type":"post","link":"https:\/\/www.sspo.gob.mx\/?p=53305","title":{"rendered":"INAUGURA BOMBEROS Y SECRETAR\u00cdA DEL TRABAJO SEMANA DE \u201cSEGURIDAD Y SALUD 2022\u201d"},"content":{"rendered":"\n<p>Oaxaca de Ju\u00e1rez, Oax. a 22 de junio de 2022.- La Secretar\u00eda de Seguridad P\u00fablica de Oaxaca (SSPO) a trav\u00e9s del Heroico Cuerpo de Bomberos (HCBO) y en coordinaci\u00f3n con la Secretar\u00eda del Trabajo y Previsi\u00f3n Social, inauguraron la \u201cSemana de Seguridad y Salud enfocado hacia la Cultura de Prevenci\u00f3n en los Centros de Trabajo\u201d.<\/p>\n\n\n\n<p>Dicha semana se llevar\u00e1 a cabo del 21 al 24 de junio del presente en la que se dar\u00e1 a conocer la \u201cDemostraci\u00f3n de Habilidades y Convivencia de las Brigadas Industriales y Empresariales\u201d, misma que tiene como objetivo capacitar al personal de las diferentes empresas para que sepan c\u00f3mo actuar ante una emergencia.<\/p>\n\n\n\n<figure class=\"wp-block-image size-full\"><a href=\"https:\/\/sspo.gob.mx\/wp-content\/uploads\/2022\/06\/WhatsApp-Image-2022-06-21-at-1.55.03-PM-3.jpeg\"><img loading=\"lazy\" decoding=\"async\" width=\"1024\" height=\"620\" src=\"https:\/\/sspo.gob.mx\/wp-content\/uploads\/2022\/06\/WhatsApp-Image-2022-06-21-at-1.55.03-PM-3.jpeg\" alt=\"\" class=\"wp-image-53308\" srcset=\"https:\/\/www.sspo.gob.mx\/wp-content\/uploads\/2022\/06\/WhatsApp-Image-2022-06-21-at-1.55.03-PM-3.jpeg 1024w, https:\/\/www.sspo.gob.mx\/wp-content\/uploads\/2022\/06\/WhatsApp-Image-2022-06-21-at-1.55.03-PM-3-300x182.jpeg 300w, https:\/\/www.sspo.gob.mx\/wp-content\/uploads\/2022\/06\/WhatsApp-Image-2022-06-21-at-1.55.03-PM-3-768x465.jpeg 768w\" sizes=\"(max-width: 1024px) 100vw, 1024px\" \/><\/a><\/figure>\n\n\n\n<p>En el marco de la misma, el director del HCBO, Manuel Maza S\u00e1nchez, mencion\u00f3 que el personal de bomberos y param\u00e9dicos, impartir\u00e1n temas en materia de prevenci\u00f3n de incendios, como el manejo de extintores y\/o mangueras; as\u00ed como, en primeros auxilios, desobstrucci\u00f3n de la v\u00eda a\u00e9rea y reanimaci\u00f3n cardio pulmonar, entre otros, los cuales estar\u00e1n dirigidos a brigadistas internos de 18 empresas.<\/p>\n\n\n\n<p>Por lo anterior, la titular de la SSPO Dalia Ba\u00f1os Noyola, reiter\u00f3 que este tipo de acciones se realizan con el objetivo de fomentar ambientes laborales m\u00e1s seguros en los que impere la prevenci\u00f3n, a fin de que la ciudadan\u00eda sepa que hacer y qu\u00e9 no hacer ante una emergencia.<\/p>\n\n\n\n<p class=\"has-text-align-center\">-0-<\/p>\n\n\n\n<figure class=\"wp-block-image size-full\"><a href=\"https:\/\/sspo.gob.mx\/wp-content\/uploads\/2022\/06\/WhatsApp-Image-2022-06-21-at-1.55.03-PM.jpeg\"><img loading=\"lazy\" decoding=\"async\" width=\"959\" height=\"538\" src=\"https:\/\/sspo.gob.mx\/wp-content\/uploads\/2022\/06\/WhatsApp-Image-2022-06-21-at-1.55.03-PM.jpeg\" alt=\"\" class=\"wp-image-53306\" srcset=\"https:\/\/www.sspo.gob.mx\/wp-content\/uploads\/2022\/06\/WhatsApp-Image-2022-06-21-at-1.55.03-PM.jpeg 959w, https:\/\/www.sspo.gob.mx\/wp-content\/uploads\/2022\/06\/WhatsApp-Image-2022-06-21-at-1.55.03-PM-300x168.jpeg 300w, https:\/\/www.sspo.gob.mx\/wp-content\/uploads\/2022\/06\/WhatsApp-Image-2022-06-21-at-1.55.03-PM-768x431.jpeg 768w\" sizes=\"(max-width: 959px) 100vw, 959px\" \/><\/a><\/figure>\n\n\n\n<figure class=\"wp-block-image size-full\"><a href=\"https:\/\/sspo.gob.mx\/wp-content\/uploads\/2022\/06\/WhatsApp-Image-2022-06-21-at-1.55.03-PM-2.jpeg\"><img loading=\"lazy\" decoding=\"async\" width=\"1024\" height=\"683\" src=\"https:\/\/sspo.gob.mx\/wp-content\/uploads\/2022\/06\/WhatsApp-Image-2022-06-21-at-1.55.03-PM-2.jpeg\" alt=\"\" class=\"wp-image-53307\" srcset=\"https:\/\/www.sspo.gob.mx\/wp-content\/uploads\/2022\/06\/WhatsApp-Image-2022-06-21-at-1.55.03-PM-2.jpeg 1024w, https:\/\/www.sspo.gob.mx\/wp-content\/uploads\/2022\/06\/WhatsApp-Image-2022-06-21-at-1.55.03-PM-2-300x200.jpeg 300w, https:\/\/www.sspo.gob.mx\/wp-content\/uploads\/2022\/06\/WhatsApp-Image-2022-06-21-at-1.55.03-PM-2-768x512.jpeg 768w\" sizes=\"(max-width: 1024px) 100vw, 1024px\" \/><\/a><\/figure>\n","protected":false},"excerpt":{"rendered":"<p>Oaxaca de Ju\u00e1rez, Oax. a 22 de junio de 2022.- La Secretar\u00eda de Seguridad P\u00fablica de Oaxaca (SSPO) a trav\u00e9s<\/p>\n","protected":false},"author":2,"featured_media":53309,"comment_status":"closed","ping_status":"closed","sticky":false,"template":"","format":"standard","meta":{"footnotes":""},"categories":[7],"tags":[],"_links":{"self":[{"href":"https:\/\/www.sspo.gob.mx\/index.php?rest_route=\/wp\/v2\/posts\/53305"}],"collection":[{"href":"https:\/\/www.sspo.gob.mx\/index.php?rest_route=\/wp\/v2\/posts"}],"about":[{"href":"https:\/\/www.sspo.gob.mx\/index.php?rest_route=\/wp\/v2\/types\/post"}],"author":[{"embeddable":true,"href":"https:\/\/www.sspo.gob.mx\/index.php?rest_route=\/wp\/v2\/users\/2"}],"replies":[{"embeddable":true,"href":"https:\/\/www.sspo.gob.mx\/index.php?rest_route=%2Fwp%2Fv2%2Fcomments&post=53305"}],"version-history":[{"count":1,"href":"https:\/\/www.sspo.gob.mx\/index.php?rest_route=\/wp\/v2\/posts\/53305\/revisions"}],"predecessor-version":[{"id":53310,"href":"https:\/\/www.sspo.gob.mx\/index.php?rest_route=\/wp\/v2\/posts\/53305\/revisions\/53310"}],"wp:featuredmedia":[{"embeddable":true,"href":"https:\/\/www.sspo.gob.mx\/index.php?rest_route=\/wp\/v2\/media\/53309"}],"wp:attachment":[{"href":"https:\/\/www.sspo.gob.mx\/index.php?rest_route=%2Fwp%2Fv2%2Fmedia&parent=53305"}],"wp:term":[{"taxonomy":"category","embeddable":true,"href":"https:\/\/www.sspo.gob.mx\/index.php?rest_route=%2Fwp%2Fv2%2Fcategories&post=53305"},{"taxonomy":"post_tag","embeddable":true,"href":"https:\/\/www.sspo.gob.mx\/index.php?rest_route=%2Fwp%2Fv2%2Ftags&post=53305"}],"curies":[{"name":"wp","href":"https:\/\/api.w.org\/{rel}","templated":true}]}}