{"id":53349,"date":"2022-07-05T08:54:31","date_gmt":"2022-07-05T14:54:31","guid":{"rendered":"https:\/\/sspo.gob.mx\/?p=53349"},"modified":"2022-07-05T08:56:11","modified_gmt":"2022-07-05T14:56:11","slug":"refuerza-sspo-presencia-institucional-en-las-regiones-del-istmo-y-la-mixteca","status":"publish","type":"post","link":"https:\/\/www.sspo.gob.mx\/?p=53349","title":{"rendered":"REFUERZA SSPO PRESENCIA INSTITUCIONAL EN LAS REGIONES DEL ISTMO Y LA MIXTECA"},"content":{"rendered":"\n<ul><li>Al momento hay dos detenidos como presuntos responsables de los hechos en San Francisco del Mar<\/li><\/ul>\n\n\n\n<p>Oaxaca de Ju\u00e1rez, Oax. a 05 de julio de 2022.- Derivado de los hechos delictivos ocurridos durante el fin de semana en las regiones de la Mixteca, Istmo y Sierra Norte; la Secretar\u00eda de Seguridad P\u00fablica de Oaxaca (SSPO) que encabeza Dalia Ba\u00f1os Noyola informa que:<\/p>\n\n\n\n<p>I. Se refuerzan los operativos de seguridad especialmente en las regiones del Istmo y la Mixteca, con el objetivo de dar con los responsables intelectuales de tan lamentables hechos; as\u00ed como, mantener presencia institucional en la zona.<\/p>\n\n\n\n<p>II. Desde las primeras horas del d\u00eda en el Municipio de San Francisco del Mar y con un estado de fuerza de 48 elementos de seguridad, se implementan recorridos de seguridad, disuasi\u00f3n y vigilancia.<\/p>\n\n\n\n<p>III. En dichos operativos participan efectivos de la Polic\u00eda Estatal en coordinaci\u00f3n con la Fiscal\u00eda General del Estado (FGEO), Guardia Nacional (GN) y la Secretar\u00eda de la Defensa Nacional (Sedena).<\/p>\n\n\n\n<figure class=\"wp-block-image size-large\"><a href=\"https:\/\/sspo.gob.mx\/wp-content\/uploads\/2022\/07\/WhatsApp-Image-2022-07-04-at-7.31.39-PM-3.jpeg\"><img loading=\"lazy\" decoding=\"async\" width=\"1024\" height=\"768\" src=\"https:\/\/sspo.gob.mx\/wp-content\/uploads\/2022\/07\/WhatsApp-Image-2022-07-04-at-7.31.39-PM-3-1024x768.jpeg\" alt=\"\" class=\"wp-image-53350\" srcset=\"https:\/\/www.sspo.gob.mx\/wp-content\/uploads\/2022\/07\/WhatsApp-Image-2022-07-04-at-7.31.39-PM-3-1024x768.jpeg 1024w, https:\/\/www.sspo.gob.mx\/wp-content\/uploads\/2022\/07\/WhatsApp-Image-2022-07-04-at-7.31.39-PM-3-300x225.jpeg 300w, https:\/\/www.sspo.gob.mx\/wp-content\/uploads\/2022\/07\/WhatsApp-Image-2022-07-04-at-7.31.39-PM-3-768x576.jpeg 768w, https:\/\/www.sspo.gob.mx\/wp-content\/uploads\/2022\/07\/WhatsApp-Image-2022-07-04-at-7.31.39-PM-3.jpeg 1040w\" sizes=\"(max-width: 1024px) 100vw, 1024px\" \/><\/a><\/figure>\n\n\n\n<p>IV. Cabe se\u00f1alar que, durante estos despliegues, se logr\u00f3 el aseguramiento de dos personas, presuntamente relacionadas a los hechos mencionados en el municipio de la regi\u00f3n del Istmo de Tehuantepec.<\/p>\n\n\n\n<p>V. Asimismo, y a trav\u00e9s de las corporaciones estatales se han puesto en marcha operativos estrat\u00e9gicos en las diversas regiones de Oaxaca.<\/p>\n\n\n\n<p>Por su parte, la titular de la SSPO, Dalia Ba\u00f1os Noyola lamenta y condena este tipo de actos que vulneran la integridad y los derechos de la ciudadan\u00eda; as\u00ed tambi\u00e9n, hizo un llamado a las autoridades municipales a fortalecer las medidas de prevenci\u00f3n en sus respectivas demarcaciones.<\/p>\n\n\n\n<p>Finalmente, la funcionaria estatal, puntualiz\u00f3 que dando cumplimiento a las instrucciones del gobernador Alejandro Murat Hinojosa, se incrementar\u00e1n los despliegues en referidos municipios; de igual forma, se continuar\u00e1 trabajando y coadyuvando en el \u00e1mbito de sus atribuciones y responsabilidad en las diligencias correspondientes.<\/p>\n\n\n\n<p class=\"has-text-align-center\">-0-<\/p>\n\n\n\n<figure class=\"wp-block-image size-large\"><a href=\"https:\/\/sspo.gob.mx\/wp-content\/uploads\/2022\/07\/WhatsApp-Image-2022-07-04-at-7.31.39-PM-2.jpeg\"><img loading=\"lazy\" decoding=\"async\" width=\"1024\" height=\"768\" src=\"https:\/\/sspo.gob.mx\/wp-content\/uploads\/2022\/07\/WhatsApp-Image-2022-07-04-at-7.31.39-PM-2-1024x768.jpeg\" alt=\"\" class=\"wp-image-53351\" srcset=\"https:\/\/www.sspo.gob.mx\/wp-content\/uploads\/2022\/07\/WhatsApp-Image-2022-07-04-at-7.31.39-PM-2-1024x768.jpeg 1024w, https:\/\/www.sspo.gob.mx\/wp-content\/uploads\/2022\/07\/WhatsApp-Image-2022-07-04-at-7.31.39-PM-2-300x225.jpeg 300w, https:\/\/www.sspo.gob.mx\/wp-content\/uploads\/2022\/07\/WhatsApp-Image-2022-07-04-at-7.31.39-PM-2-768x576.jpeg 768w, https:\/\/www.sspo.gob.mx\/wp-content\/uploads\/2022\/07\/WhatsApp-Image-2022-07-04-at-7.31.39-PM-2.jpeg 1040w\" sizes=\"(max-width: 1024px) 100vw, 1024px\" \/><\/a><\/figure>\n\n\n\n<figure class=\"wp-block-image size-large\"><a href=\"https:\/\/sspo.gob.mx\/wp-content\/uploads\/2022\/07\/WhatsApp-Image-2022-07-04-at-7.31.39-PM-4.jpeg\"><img loading=\"lazy\" decoding=\"async\" width=\"1024\" height=\"768\" src=\"https:\/\/sspo.gob.mx\/wp-content\/uploads\/2022\/07\/WhatsApp-Image-2022-07-04-at-7.31.39-PM-4-1024x768.jpeg\" alt=\"\" class=\"wp-image-53352\" srcset=\"https:\/\/www.sspo.gob.mx\/wp-content\/uploads\/2022\/07\/WhatsApp-Image-2022-07-04-at-7.31.39-PM-4-1024x768.jpeg 1024w, https:\/\/www.sspo.gob.mx\/wp-content\/uploads\/2022\/07\/WhatsApp-Image-2022-07-04-at-7.31.39-PM-4-300x225.jpeg 300w, https:\/\/www.sspo.gob.mx\/wp-content\/uploads\/2022\/07\/WhatsApp-Image-2022-07-04-at-7.31.39-PM-4-768x576.jpeg 768w, https:\/\/www.sspo.gob.mx\/wp-content\/uploads\/2022\/07\/WhatsApp-Image-2022-07-04-at-7.31.39-PM-4.jpeg 1280w\" sizes=\"(max-width: 1024px) 100vw, 1024px\" \/><\/a><\/figure>\n","protected":false},"excerpt":{"rendered":"<p>Al momento hay dos detenidos como presuntos responsables de los hechos en San Francisco del Mar Oaxaca de Ju\u00e1rez, Oax.<\/p>\n","protected":false},"author":2,"featured_media":53353,"comment_status":"closed","ping_status":"closed","sticky":false,"template":"","format":"standard","meta":{"footnotes":""},"categories":[7],"tags":[],"_links":{"self":[{"href":"https:\/\/www.sspo.gob.mx\/index.php?rest_route=\/wp\/v2\/posts\/53349"}],"collection":[{"href":"https:\/\/www.sspo.gob.mx\/index.php?rest_route=\/wp\/v2\/posts"}],"about":[{"href":"https:\/\/www.sspo.gob.mx\/index.php?rest_route=\/wp\/v2\/types\/post"}],"author":[{"embeddable":true,"href":"https:\/\/www.sspo.gob.mx\/index.php?rest_route=\/wp\/v2\/users\/2"}],"replies":[{"embeddable":true,"href":"https:\/\/www.sspo.gob.mx\/index.php?rest_route=%2Fwp%2Fv2%2Fcomments&post=53349"}],"version-history":[{"count":2,"href":"https:\/\/www.sspo.gob.mx\/index.php?rest_route=\/wp\/v2\/posts\/53349\/revisions"}],"predecessor-version":[{"id":53355,"href":"https:\/\/www.sspo.gob.mx\/index.php?rest_route=\/wp\/v2\/posts\/53349\/revisions\/53355"}],"wp:featuredmedia":[{"embeddable":true,"href":"https:\/\/www.sspo.gob.mx\/index.php?rest_route=\/wp\/v2\/media\/53353"}],"wp:attachment":[{"href":"https:\/\/www.sspo.gob.mx\/index.php?rest_route=%2Fwp%2Fv2%2Fmedia&parent=53349"}],"wp:term":[{"taxonomy":"category","embeddable":true,"href":"https:\/\/www.sspo.gob.mx\/index.php?rest_route=%2Fwp%2Fv2%2Fcategories&post=53349"},{"taxonomy":"post_tag","embeddable":true,"href":"https:\/\/www.sspo.gob.mx\/index.php?rest_route=%2Fwp%2Fv2%2Ftags&post=53349"}],"curies":[{"name":"wp","href":"https:\/\/api.w.org\/{rel}","templated":true}]}}