{"id":53641,"date":"2022-09-26T10:42:12","date_gmt":"2022-09-26T16:42:12","guid":{"rendered":"https:\/\/sspo.gob.mx\/?p=53641"},"modified":"2022-09-26T10:42:13","modified_gmt":"2022-09-26T16:42:13","slug":"clausura-con-exito-sspo-canje-de-armas-en-la-villa-de-etla","status":"publish","type":"post","link":"https:\/\/www.sspo.gob.mx\/?p=53641","title":{"rendered":"CLAUSURA CON \u00c9XITO SSPO CANJE DE ARMAS EN LA VILLA DE ETLA"},"content":{"rendered":"\n<p>Villa de Etla, Oax. a 26 de septiembre de 2022.- La Secretar\u00eda de Seguridad P\u00fablica de Oaxaca (SSPO) que encabeza Dalia Ba\u00f1os Noyola a trav\u00e9s de la Direcci\u00f3n General de Prevenci\u00f3n del Delito y Participaci\u00f3n Ciudadana (DGPDyPC) clausur\u00f3 formalmente el programa de &#8220;Desarme Voluntario&#8221; en la Villa de Etla.<\/p>\n\n\n\n<p>En dicho programa se canjearon un total de 15 armas de fuego, mil 561 cartuchos, mil 700 c\u00e1psulas detonantes y una granada de fragmentaci\u00f3n, as\u00ed como 11 cargadores de arma corta y<br>17 de arma larga.<\/p>\n\n\n\n<p>El acto de clausura estuvo a cargo de la directora general de Prevenci\u00f3n del Delito, Mayleth L\u00f3pez Rangel, en representaci\u00f3n de la secretaria de la SSPO, Dalia Ba\u00f1os Noyola; as\u00ed como, de la autoridad municipal que encabeza Miguel \u00c1ngel Mart\u00ednez Merl\u00edn.<\/p>\n\n\n\n<figure class=\"wp-block-image size-large\"><a href=\"https:\/\/sspo.gob.mx\/wp-content\/uploads\/2022\/09\/WhatsApp-Image-2022-09-26-at-9.19.30-AM.jpeg\"><img loading=\"lazy\" decoding=\"async\" width=\"1024\" height=\"768\" src=\"https:\/\/sspo.gob.mx\/wp-content\/uploads\/2022\/09\/WhatsApp-Image-2022-09-26-at-9.19.30-AM-1024x768.jpeg\" alt=\"\" class=\"wp-image-53642\" srcset=\"https:\/\/www.sspo.gob.mx\/wp-content\/uploads\/2022\/09\/WhatsApp-Image-2022-09-26-at-9.19.30-AM-1024x768.jpeg 1024w, https:\/\/www.sspo.gob.mx\/wp-content\/uploads\/2022\/09\/WhatsApp-Image-2022-09-26-at-9.19.30-AM-300x225.jpeg 300w, https:\/\/www.sspo.gob.mx\/wp-content\/uploads\/2022\/09\/WhatsApp-Image-2022-09-26-at-9.19.30-AM-768x576.jpeg 768w, https:\/\/www.sspo.gob.mx\/wp-content\/uploads\/2022\/09\/WhatsApp-Image-2022-09-26-at-9.19.30-AM-1536x1152.jpeg 1536w, https:\/\/www.sspo.gob.mx\/wp-content\/uploads\/2022\/09\/WhatsApp-Image-2022-09-26-at-9.19.30-AM.jpeg 1600w\" sizes=\"(max-width: 1024px) 100vw, 1024px\" \/><\/a><\/figure>\n\n\n\n<p>Estos resultados, de acuerdo a Mayleth L\u00f3pez Rangel se obtuvieron durante los d\u00edas 22, 23 y 24 de septiembre en el que estuvo instalado el m\u00f3dulo en el corredor municipal de este ayuntamiento eteco.<\/p>\n\n\n\n<p>El m\u00f3dulo de recepci\u00f3n de armas estuvo a cargo de personal de la Secretar\u00eda de Seguridad P\u00fablica de Oaxaca, as\u00ed como de integrantes de la Secretar\u00eda de Seguridad y Protecci\u00f3n Ciudadana del Gobierno Federal y persona de la Secretar\u00eda de la Defensa Nacional.<\/p>\n\n\n\n<p>Con estas estrategias de seguridad, el Gobierno del Estado que encabeza el Maestro Alejandro Murat Hinojosa, refrenda su compromiso de reconstruir el tejido social y reforzar lazos con las autoridades municipales de la entidad para garantizar un Oaxaca Seguro.<\/p>\n\n\n\n<p>En el evento de clausura estuvo presente tambi\u00e9n la coordinadora Territorial para la Construcci\u00f3n de la Paz en Oaxaca, Karina Bar\u00f3n Ortiz y el cabildo de la autoridad municipal de la Villa de Etla.<\/p>\n\n\n\n<p class=\"has-text-align-center\">-0-<\/p>\n\n\n\n<figure class=\"wp-block-image size-large\"><a href=\"https:\/\/sspo.gob.mx\/wp-content\/uploads\/2022\/09\/WhatsApp-Image-2022-09-26-at-9.19.30-AM-1.jpeg\"><img loading=\"lazy\" decoding=\"async\" width=\"1024\" height=\"768\" src=\"https:\/\/sspo.gob.mx\/wp-content\/uploads\/2022\/09\/WhatsApp-Image-2022-09-26-at-9.19.30-AM-1-1024x768.jpeg\" alt=\"\" class=\"wp-image-53643\" srcset=\"https:\/\/www.sspo.gob.mx\/wp-content\/uploads\/2022\/09\/WhatsApp-Image-2022-09-26-at-9.19.30-AM-1-1024x768.jpeg 1024w, https:\/\/www.sspo.gob.mx\/wp-content\/uploads\/2022\/09\/WhatsApp-Image-2022-09-26-at-9.19.30-AM-1-300x225.jpeg 300w, https:\/\/www.sspo.gob.mx\/wp-content\/uploads\/2022\/09\/WhatsApp-Image-2022-09-26-at-9.19.30-AM-1-768x576.jpeg 768w, https:\/\/www.sspo.gob.mx\/wp-content\/uploads\/2022\/09\/WhatsApp-Image-2022-09-26-at-9.19.30-AM-1-1536x1152.jpeg 1536w, https:\/\/www.sspo.gob.mx\/wp-content\/uploads\/2022\/09\/WhatsApp-Image-2022-09-26-at-9.19.30-AM-1.jpeg 1600w\" sizes=\"(max-width: 1024px) 100vw, 1024px\" \/><\/a><\/figure>\n\n\n\n<p><\/p>\n","protected":false},"excerpt":{"rendered":"<p>Villa de Etla, Oax. a 26 de septiembre de 2022.- La Secretar\u00eda de Seguridad P\u00fablica de Oaxaca (SSPO) que encabeza<\/p>\n","protected":false},"author":2,"featured_media":53644,"comment_status":"closed","ping_status":"closed","sticky":false,"template":"","format":"standard","meta":{"footnotes":""},"categories":[1],"tags":[],"_links":{"self":[{"href":"https:\/\/www.sspo.gob.mx\/index.php?rest_route=\/wp\/v2\/posts\/53641"}],"collection":[{"href":"https:\/\/www.sspo.gob.mx\/index.php?rest_route=\/wp\/v2\/posts"}],"about":[{"href":"https:\/\/www.sspo.gob.mx\/index.php?rest_route=\/wp\/v2\/types\/post"}],"author":[{"embeddable":true,"href":"https:\/\/www.sspo.gob.mx\/index.php?rest_route=\/wp\/v2\/users\/2"}],"replies":[{"embeddable":true,"href":"https:\/\/www.sspo.gob.mx\/index.php?rest_route=%2Fwp%2Fv2%2Fcomments&post=53641"}],"version-history":[{"count":1,"href":"https:\/\/www.sspo.gob.mx\/index.php?rest_route=\/wp\/v2\/posts\/53641\/revisions"}],"predecessor-version":[{"id":53645,"href":"https:\/\/www.sspo.gob.mx\/index.php?rest_route=\/wp\/v2\/posts\/53641\/revisions\/53645"}],"wp:featuredmedia":[{"embeddable":true,"href":"https:\/\/www.sspo.gob.mx\/index.php?rest_route=\/wp\/v2\/media\/53644"}],"wp:attachment":[{"href":"https:\/\/www.sspo.gob.mx\/index.php?rest_route=%2Fwp%2Fv2%2Fmedia&parent=53641"}],"wp:term":[{"taxonomy":"category","embeddable":true,"href":"https:\/\/www.sspo.gob.mx\/index.php?rest_route=%2Fwp%2Fv2%2Fcategories&post=53641"},{"taxonomy":"post_tag","embeddable":true,"href":"https:\/\/www.sspo.gob.mx\/index.php?rest_route=%2Fwp%2Fv2%2Ftags&post=53641"}],"curies":[{"name":"wp","href":"https:\/\/api.w.org\/{rel}","templated":true}]}}