{"id":54026,"date":"2023-02-22T17:49:13","date_gmt":"2023-02-22T23:49:13","guid":{"rendered":"https:\/\/sspo.gob.mx\/?p=54026"},"modified":"2023-02-22T17:55:50","modified_gmt":"2023-02-22T23:55:50","slug":"arranca-sspc-segunda-brigada-de-prevencion-para-la-construccion-de-la-paz-en-la-cuenca-del-papaloapan","status":"publish","type":"post","link":"https:\/\/www.sspo.gob.mx\/?p=54026","title":{"rendered":"ARRANCA SSPC SEGUNDA BRIGADA DE PREVENCI\u00d3N PARA LA CONSTRUCCI\u00d3N DE LA PAZ EN LA CUENCA DEL PAPALOAPAN"},"content":{"rendered":"\n<p><\/p>\n\n\n\n<p>\u2022 Del 21 al 25 de febrero del 2023, la Direcci\u00f3n General de Prevenci\u00f3n del Delito y Participaci\u00f3n Ciudadana, llevar\u00e1 a cabo actividades preventivas, espec\u00edficamente con el sector educativo.<\/p>\n\n\n\n<p>En v\u00edsperas del D\u00eda Naranja y en el marco de la tercera Jornada de Paz y Justicia para Mujeres, Adolescentes y Ni\u00f1as; la Secretar\u00eda de Seguridad y Protecci\u00f3n Ciudadana, arranc\u00f3 actividades en la regi\u00f3n de la Cuenca del Papaloapan a trav\u00e9s de la \u201cSegunda brigada de prevenci\u00f3n para la construcci\u00f3n de paz\u201d.<\/p>\n\n\n\n<p>Del 21 al 25 de febrero del presente, personal de la Direcci\u00f3n General de Prevenci\u00f3n del Delito y Participaci\u00f3n Ciudadana, llevar\u00e1 a cabo sesiones informativas, especialmente con el sector educativo en cinco municipios de la regi\u00f3n.<\/p>\n\n\n\n<p>Lo anterior, con el fin de que estudiantes, docentes y padres de familia, cuenten con las herramientas necesarias para prevenir e inhibir riesgos que vulneren su bienestar; ya que una de las prioridades del Gobernador Salom\u00f3n Jara Cruz, es la seguridad de las familias, j\u00f3venes, ni\u00f1as y ni\u00f1os de Oaxaca.<\/p>\n\n\n\n<p>Entre los temas que las y los capacitadores imparten, destaca la prevenci\u00f3n de adicciones, acoso escolar; prevenci\u00f3n de la violencia y el delito, beneficiando con ello a municipios como San Juan Bautista Tuxtepec, Loma Bonita, Acatl\u00e1n de P\u00e9rez Figueroa, San Miguel Soyaltepec y San Juan Bautista Valle Nacional.<\/p>\n\n\n\n<p>As\u00ed mismo, como parte de los trabajos para el fortalecimiento del eje Municipio Seguro, se tomar\u00e1 protesta e instalar\u00e1n Unidades Municipales de Prevenci\u00f3n del Delito en los municipios de Loma Bonita y San Juan Bautista Valle Nacional.<\/p>\n\n\n\n<p>Con estas acciones y como parte del Nuevo Pacto Social para la Convivencia Pac\u00edfica y Segura de las familias oaxaque\u00f1as; la SSPC al mando del Capit\u00e1n de Fragata, Iv\u00e1n Garc\u00eda \u00c1lvarez, suma esfuerzos institucionales que garanticen la paz y la seguridad en todas las comunidades de Oaxaca. <\/p>\n\n\n\n<figure class=\"wp-block-image size-full\"><a href=\"https:\/\/sspo.gob.mx\/wp-content\/uploads\/2023\/02\/WhatsApp-Image-2023-02-22-at-5.30.07-PM.jpeg\"><img loading=\"lazy\" decoding=\"async\" width=\"1024\" height=\"768\" src=\"https:\/\/sspo.gob.mx\/wp-content\/uploads\/2023\/02\/WhatsApp-Image-2023-02-22-at-5.30.07-PM.jpeg\" alt=\"\" class=\"wp-image-54030\" srcset=\"https:\/\/www.sspo.gob.mx\/wp-content\/uploads\/2023\/02\/WhatsApp-Image-2023-02-22-at-5.30.07-PM.jpeg 1024w, https:\/\/www.sspo.gob.mx\/wp-content\/uploads\/2023\/02\/WhatsApp-Image-2023-02-22-at-5.30.07-PM-300x225.jpeg 300w, https:\/\/www.sspo.gob.mx\/wp-content\/uploads\/2023\/02\/WhatsApp-Image-2023-02-22-at-5.30.07-PM-768x576.jpeg 768w\" sizes=\"(max-width: 1024px) 100vw, 1024px\" \/><\/a><\/figure>\n\n\n\n<p>San Juan Bautista Tuxtepec, Oax. a 22 de febrero de 2023.<\/p>\n\n\n\n<p><\/p>\n","protected":false},"excerpt":{"rendered":"<p>\u2022 Del 21 al 25 de febrero del 2023, la Direcci\u00f3n General de Prevenci\u00f3n del Delito y Participaci\u00f3n Ciudadana, llevar\u00e1<\/p>\n","protected":false},"author":2,"featured_media":54030,"comment_status":"closed","ping_status":"closed","sticky":false,"template":"","format":"standard","meta":{"footnotes":""},"categories":[7],"tags":[],"_links":{"self":[{"href":"https:\/\/www.sspo.gob.mx\/index.php?rest_route=\/wp\/v2\/posts\/54026"}],"collection":[{"href":"https:\/\/www.sspo.gob.mx\/index.php?rest_route=\/wp\/v2\/posts"}],"about":[{"href":"https:\/\/www.sspo.gob.mx\/index.php?rest_route=\/wp\/v2\/types\/post"}],"author":[{"embeddable":true,"href":"https:\/\/www.sspo.gob.mx\/index.php?rest_route=\/wp\/v2\/users\/2"}],"replies":[{"embeddable":true,"href":"https:\/\/www.sspo.gob.mx\/index.php?rest_route=%2Fwp%2Fv2%2Fcomments&post=54026"}],"version-history":[{"count":2,"href":"https:\/\/www.sspo.gob.mx\/index.php?rest_route=\/wp\/v2\/posts\/54026\/revisions"}],"predecessor-version":[{"id":54031,"href":"https:\/\/www.sspo.gob.mx\/index.php?rest_route=\/wp\/v2\/posts\/54026\/revisions\/54031"}],"wp:featuredmedia":[{"embeddable":true,"href":"https:\/\/www.sspo.gob.mx\/index.php?rest_route=\/wp\/v2\/media\/54030"}],"wp:attachment":[{"href":"https:\/\/www.sspo.gob.mx\/index.php?rest_route=%2Fwp%2Fv2%2Fmedia&parent=54026"}],"wp:term":[{"taxonomy":"category","embeddable":true,"href":"https:\/\/www.sspo.gob.mx\/index.php?rest_route=%2Fwp%2Fv2%2Fcategories&post=54026"},{"taxonomy":"post_tag","embeddable":true,"href":"https:\/\/www.sspo.gob.mx\/index.php?rest_route=%2Fwp%2Fv2%2Ftags&post=54026"}],"curies":[{"name":"wp","href":"https:\/\/api.w.org\/{rel}","templated":true}]}}