{"id":54063,"date":"2023-02-28T19:55:59","date_gmt":"2023-03-01T01:55:59","guid":{"rendered":"https:\/\/sspo.gob.mx\/?p=54063"},"modified":"2023-02-28T19:56:00","modified_gmt":"2023-03-01T01:56:00","slug":"lleva-sspc-talleres-de-seguridad-vial-a-centros-escolares-de-oaxaca","status":"publish","type":"post","link":"https:\/\/www.sspo.gob.mx\/?p=54063","title":{"rendered":"<strong>LLEVA SSPC TALLERES DE SEGURIDAD VIAL A CENTROS ESCOLARES DE OAXACA<\/strong>"},"content":{"rendered":"\n<p><\/p>\n\n\n\n<ul>\n<li>Desde las aulas la Secretar\u00eda de Seguridad y Protecci\u00f3n Ciudadana incentiva en las y los alumnos la cultura vial.<\/li>\n<\/ul>\n\n\n\n<p><strong>Oaxaca de Ju\u00e1rez, Oax. a 28 de febrero de 2023<\/strong>.- En el marco de la Semana de la Educaci\u00f3n Vial Estatal, la Secretar\u00eda de Seguridad y Protecci\u00f3n Ciudadana, imparti\u00f3 talleres de educaci\u00f3n vial en escuelas de nivel preescolar, primaria y secundaria del municipio de San Sebasti\u00e1n Tutla.<\/p>\n\n\n\n<p>Estos talleres son impartidos por personal de la Direcci\u00f3n General de la Polic\u00eda Vial Estatal, est\u00e1n dise\u00f1adas principalmente para que las y los ni\u00f1os aprendan a trav\u00e9s de la instalaci\u00f3n de un circuito vial las principales reglas de tr\u00e1nsito, el uso de los sem\u00e1foros, pasos peatonales, l\u00edmites de velocidad y el respeto al ciclista con el objetivo de prevenir accidentes.<\/p>\n\n\n\n<p>Para el titular de la SSPC, Capit\u00e1n de Fragata Iv\u00e1n Garc\u00eda \u00c1lvarez, es importante desplegar estos programas en los centros educativos, siendo la escuela uno de los principales lugares en donde se debe incentivar y ense\u00f1ar acerca de la prevenci\u00f3n y las buenas pr\u00e1cticas, formando futuros ciudadanos respetuosos, conscientes y responsables en el cumplimiento de las normas y reglamentos, para preservar la seguridad en la v\u00eda p\u00fablica; as\u00ed como, prevenir accidentes de tr\u00e1nsito.<\/p>\n\n\n\n<p>Esta iniciativa fue aplaudida por el presidente municipal de San Sebasti\u00e1n Tutla, Alejandro Fernando Garc\u00eda V\u00e1squez, quien agradeci\u00f3 el apoyo de la Polic\u00eda Vial Estatal, a trav\u00e9s de su director general, Toribio L\u00f3pez S\u00e1nchez, para la realizaci\u00f3n de estas actividades enmarcadas en la Semana de la Educaci\u00f3n Vial que tuvo lugar en la Escuela Primaria Miguel Hidalgo de este municipio y que benefici\u00f3 a un total de 380 ni\u00f1as y ni\u00f1os.<\/p>\n\n\n\n<p>Cabe mencionar que este programa se mantendr\u00e1 en el municipio, en escuelas del nivel preescolar y secundaria tal y como lo ha instruido el Gobierno del Estado que encabeza el Ing. Salom\u00f3n Jara Cruz.<\/p>\n\n\n\n<figure class=\"wp-block-image size-full\"><a href=\"https:\/\/sspo.gob.mx\/wp-content\/uploads\/2023\/02\/1111.jpg\"><img loading=\"lazy\" decoding=\"async\" width=\"1024\" height=\"768\" src=\"https:\/\/sspo.gob.mx\/wp-content\/uploads\/2023\/02\/1111.jpg\" alt=\"\" class=\"wp-image-54064\" srcset=\"https:\/\/www.sspo.gob.mx\/wp-content\/uploads\/2023\/02\/1111.jpg 1024w, https:\/\/www.sspo.gob.mx\/wp-content\/uploads\/2023\/02\/1111-300x225.jpg 300w, https:\/\/www.sspo.gob.mx\/wp-content\/uploads\/2023\/02\/1111-768x576.jpg 768w\" sizes=\"(max-width: 1024px) 100vw, 1024px\" \/><\/a><\/figure>\n","protected":false},"excerpt":{"rendered":"<p>Oaxaca de Ju\u00e1rez, Oax. a 28 de febrero de 2023.- En el marco de la Semana de la Educaci\u00f3n Vial<\/p>\n","protected":false},"author":2,"featured_media":54064,"comment_status":"closed","ping_status":"closed","sticky":false,"template":"","format":"standard","meta":{"footnotes":""},"categories":[7],"tags":[],"_links":{"self":[{"href":"https:\/\/www.sspo.gob.mx\/index.php?rest_route=\/wp\/v2\/posts\/54063"}],"collection":[{"href":"https:\/\/www.sspo.gob.mx\/index.php?rest_route=\/wp\/v2\/posts"}],"about":[{"href":"https:\/\/www.sspo.gob.mx\/index.php?rest_route=\/wp\/v2\/types\/post"}],"author":[{"embeddable":true,"href":"https:\/\/www.sspo.gob.mx\/index.php?rest_route=\/wp\/v2\/users\/2"}],"replies":[{"embeddable":true,"href":"https:\/\/www.sspo.gob.mx\/index.php?rest_route=%2Fwp%2Fv2%2Fcomments&post=54063"}],"version-history":[{"count":1,"href":"https:\/\/www.sspo.gob.mx\/index.php?rest_route=\/wp\/v2\/posts\/54063\/revisions"}],"predecessor-version":[{"id":54065,"href":"https:\/\/www.sspo.gob.mx\/index.php?rest_route=\/wp\/v2\/posts\/54063\/revisions\/54065"}],"wp:featuredmedia":[{"embeddable":true,"href":"https:\/\/www.sspo.gob.mx\/index.php?rest_route=\/wp\/v2\/media\/54064"}],"wp:attachment":[{"href":"https:\/\/www.sspo.gob.mx\/index.php?rest_route=%2Fwp%2Fv2%2Fmedia&parent=54063"}],"wp:term":[{"taxonomy":"category","embeddable":true,"href":"https:\/\/www.sspo.gob.mx\/index.php?rest_route=%2Fwp%2Fv2%2Fcategories&post=54063"},{"taxonomy":"post_tag","embeddable":true,"href":"https:\/\/www.sspo.gob.mx\/index.php?rest_route=%2Fwp%2Fv2%2Ftags&post=54063"}],"curies":[{"name":"wp","href":"https:\/\/api.w.org\/{rel}","templated":true}]}}