{"id":54122,"date":"2023-03-15T11:46:01","date_gmt":"2023-03-15T17:46:01","guid":{"rendered":"https:\/\/sspo.gob.mx\/?p=54122"},"modified":"2023-03-15T11:46:03","modified_gmt":"2023-03-15T17:46:03","slug":"intensifica-sspc-jornada-de-capacitacion-vial-en-diversas-escuelas-de-oaxaca","status":"publish","type":"post","link":"https:\/\/www.sspo.gob.mx\/?p=54122","title":{"rendered":"INTENSIFICA SSPC JORNADA DE CAPACITACI\u00d3N VIAL EN DIVERSAS ESCUELAS DE OAXACA"},"content":{"rendered":"\n<ul>\n<li>La SSPC, resalta que este tipo de acciones se enmarcan en uno de los ejes estrat\u00e9gicos denominado Nuevo Pacto Social para la convivencia pac\u00edfica y segura, impulsado por el gobernador Salom\u00f3n Jara Cruz.<\/li>\n<\/ul>\n\n\n\n<p><strong>Oaxaca de Ju\u00e1rez, Oax, a 15 de Marco de 2023.- <\/strong>Como parte de las acciones permanentes de seguridad vial y prevenci\u00f3n de accidentes, encaminadas a una movilidad segura e incluyente, la Secretar\u00eda de Seguridad y Protecci\u00f3n Ciudadana (SSPC), que encabeza el Capit\u00e1n de Fragata, Iv\u00e1n Garc\u00eda \u00c1lvarez, intensific\u00f3 su jornada de capacitaci\u00f3n vial en centros educativos de la entidad oaxaque\u00f1a.<\/p>\n\n\n\n<p>Lo anterior, como parte de las actividades que se realizan en el marco de la Semana de la Educaci\u00f3n Vial que implementa la Polic\u00eda Vial del Estado en instituciones de educaci\u00f3n inicial, b\u00e1sica y del nivel medio superior, en las que se imparten pl\u00e1ticas de las principales reglas de tr\u00e1nsito, sem\u00e1foros, pasos peatonales, l\u00edmites de velocidad, el circuito del ciclista, entre otras din\u00e1micas m\u00e1s.<\/p>\n\n\n\n<p>En esta semana, la SSPC lleg\u00f3 hasta el Jard\u00edn de Ni\u00f1os \u201cJuan Enrique Pestalozzi\u201d de Loma Bonita, municipio de la regi\u00f3n de la Cuenca del Papaloapan, as\u00ed como en Santiago Juxtlahuaca en la Escuela Primaria \u201cCayetano Esteva\u201d y en la Escuela Primaria \u201cJos\u00e9 Vasconcelos\u201d de la Heroica Ciudad de Tlaxiaco, pertenecientes a la Mixteca.<\/p>\n\n\n\n<p>Estos talleres l\u00fadicos tambi\u00e9n se impartieron en el Jard\u00edn de Ni\u00f1os \u201cQuetzalc\u00f3atl\u201d, ubicado en Santa Catarina Juquila; a las y los alumnos de la Escuela Secundaria \u201c2 de Octubre\u201d y del Telebachillerato Comunitario de San Mateo Pi\u00f1as, Pochutla, perteneciente a la regi\u00f3n Costa.<\/p>\n\n\n\n<p>As\u00ed como en la Escuela Primaria \u201cJos\u00e9 Vasconcelos\u201d del Fraccionamiento El Retiro, perteneciente a los Valles Centrales; en la Escuela Primaria \u201cL\u00e1zaro C\u00e1rdenas del R\u00edo\u201d en San Miguel Soyaltepec, Temascal; y en la Estancia para el Bienestar y Desarrollo Infantil N\u00b0 088 del ISSSTE, en San Juan Bautista Tuxtepec.<\/p>\n\n\n\n<p>Para el director general de la Polic\u00eda Vial Estatal, Toribio L\u00f3pez S\u00e1nchez, estas acciones implementadas en escuelas de Oaxaca para la prevenci\u00f3n de accidentes y el fomento a la cultura vial se enmarcan en uno de los ejes estrat\u00e9gicos denominado Nuevo Pacto Social para la convivencia pac\u00edfica y segura, impulsado por el gobernador Salom\u00f3n Jara Cruz\u201d.<\/p>\n\n\n\n<p>Y con ello se pretende que la comunidad estudiantil comparta los conocimientos en materia vial en sus hogares, tendientes a generar conciencia entre las y los conductores de veh\u00edculos de motor.<\/p>\n\n\n\n<p class=\"has-text-align-left\">Finalmente, la SSPC hace un exhorto a la ciudadan\u00eda para que respeten las reglas de tr\u00e1nsito a fin de fortalecer una cultura de la prevenci\u00f3n de accidentes.<\/p>\n\n\n\n<p class=\"has-text-align-center\"><strong>-0-<\/strong><\/p>\n\n\n\n<p><\/p>\n","protected":false},"excerpt":{"rendered":"<p>Oaxaca de Ju\u00e1rez, Oax, a 15 de Marco de 2023.- Como parte de las acciones permanentes de seguridad vial y<\/p>\n","protected":false},"author":2,"featured_media":54123,"comment_status":"closed","ping_status":"closed","sticky":false,"template":"","format":"standard","meta":{"footnotes":""},"categories":[7],"tags":[],"_links":{"self":[{"href":"https:\/\/www.sspo.gob.mx\/index.php?rest_route=\/wp\/v2\/posts\/54122"}],"collection":[{"href":"https:\/\/www.sspo.gob.mx\/index.php?rest_route=\/wp\/v2\/posts"}],"about":[{"href":"https:\/\/www.sspo.gob.mx\/index.php?rest_route=\/wp\/v2\/types\/post"}],"author":[{"embeddable":true,"href":"https:\/\/www.sspo.gob.mx\/index.php?rest_route=\/wp\/v2\/users\/2"}],"replies":[{"embeddable":true,"href":"https:\/\/www.sspo.gob.mx\/index.php?rest_route=%2Fwp%2Fv2%2Fcomments&post=54122"}],"version-history":[{"count":1,"href":"https:\/\/www.sspo.gob.mx\/index.php?rest_route=\/wp\/v2\/posts\/54122\/revisions"}],"predecessor-version":[{"id":54124,"href":"https:\/\/www.sspo.gob.mx\/index.php?rest_route=\/wp\/v2\/posts\/54122\/revisions\/54124"}],"wp:featuredmedia":[{"embeddable":true,"href":"https:\/\/www.sspo.gob.mx\/index.php?rest_route=\/wp\/v2\/media\/54123"}],"wp:attachment":[{"href":"https:\/\/www.sspo.gob.mx\/index.php?rest_route=%2Fwp%2Fv2%2Fmedia&parent=54122"}],"wp:term":[{"taxonomy":"category","embeddable":true,"href":"https:\/\/www.sspo.gob.mx\/index.php?rest_route=%2Fwp%2Fv2%2Fcategories&post=54122"},{"taxonomy":"post_tag","embeddable":true,"href":"https:\/\/www.sspo.gob.mx\/index.php?rest_route=%2Fwp%2Fv2%2Ftags&post=54122"}],"curies":[{"name":"wp","href":"https:\/\/api.w.org\/{rel}","templated":true}]}}