{"id":54128,"date":"2023-03-15T19:51:39","date_gmt":"2023-03-16T01:51:39","guid":{"rendered":"https:\/\/sspo.gob.mx\/?p=54128"},"modified":"2023-03-15T20:09:40","modified_gmt":"2023-03-16T02:09:40","slug":"sspc-desarticula-banda-delictiva-en-salina-cruz","status":"publish","type":"post","link":"https:\/\/www.sspo.gob.mx\/?p=54128","title":{"rendered":"<strong>SSPC DESARTICULA BANDA DELICTIVA EN SALINA CRUZ<\/strong>"},"content":{"rendered":"\n<p><\/p>\n\n\n\n<p>\u2022 Asimismo, la Polic\u00eda Estatal detuvo a dos masculinos por portaci\u00f3n de arma de fuego en la Costa.<\/p>\n\n\n\n<p>En acciones coordinadas entre los tres \u00f3rdenes de gobierno y gracias a las labores de inteligencia a favor de la seguridad, que encabeza el Capit\u00e1n de Fragata Iv\u00e1n Garc\u00eda \u00c1lvarez en la Secretar\u00eda de Seguridad y Protecci\u00f3n Ciudadana (SSPC), se logr\u00f3 la detenci\u00f3n de seis presuntos integrantes de una banda delictiva que opera en el municipio de Salina Cruz, Oaxaca.<\/p>\n\n\n\n<p>Durante la conferencia de prensa del Gabinete de Seguridad, el subsecretario de Prevenci\u00f3n y Reinserci\u00f3n Social de la SSPC, Roberto Claudio Castillo, dio a conocer que dicha acci\u00f3n se logr\u00f3 mediante una orden de cateo efectuada en un bar clandestino ubicado en la calle 5 de Febrero, colonia Centro de dicho municipio, asegur\u00e1ndose 122 dosis de presuntas drogas como cristal, marihuana, coca\u00edna y cristal, as\u00ed como 08 encendedores y 02 libretas.<\/p>\n\n\n\n<p>Asimismo, se decomisaron 02 tel\u00e9fonos celulares, 02 tablas con orificios, usualmente utilizadas por la delincuencia organizada para castigo, as\u00ed como un arma de fuego marca Pietro Beretta, abastecida con un cargador y un cargador extra, con un total de 12 cartuchos \u00fatiles.<\/p>\n\n\n\n<p>Mientras tanto y derivado de los recorridos de seguridad, la Polic\u00eda Estatal logr\u00f3 la detenci\u00f3n de dos masculinos, a quienes se les aseguraron 01 arma de fuego tipo fusil, 02 armas de fuego tipo pistola y 01 autom\u00f3vil Jetta Beetle, en el municipio de San Pedro Pochutla de la regi\u00f3n de la Costa.<\/p>\n\n\n\n<p>Las detenciones y aseguramientos derivados de dichos operativos, fueron&nbsp;puestos a disposici\u00f3n de la autoridad correspondiente.<\/p>\n\n\n\n<p>Con estas acciones coordinadas, se fortalece el trabajo entre los diferentes niveles de gobierno, para combatir la delincuencia y garantizar la seguridad ciudadana. Es fundamental que las autoridades trabajen de la mano para enfrentar los desaf\u00edos de seguridad en las distintas regiones del estado.<\/p>\n\n\n\n<figure class=\"wp-block-image size-large\"><a href=\"https:\/\/sspo.gob.mx\/wp-content\/uploads\/2023\/03\/WhatsApp-Image-2023-03-15-at-7.36.22-PM.jpeg\"><img loading=\"lazy\" decoding=\"async\" width=\"1024\" height=\"576\" src=\"https:\/\/sspo.gob.mx\/wp-content\/uploads\/2023\/03\/WhatsApp-Image-2023-03-15-at-7.36.22-PM-1024x576.jpeg\" alt=\"\" class=\"wp-image-54129\" srcset=\"https:\/\/www.sspo.gob.mx\/wp-content\/uploads\/2023\/03\/WhatsApp-Image-2023-03-15-at-7.36.22-PM-1024x576.jpeg 1024w, https:\/\/www.sspo.gob.mx\/wp-content\/uploads\/2023\/03\/WhatsApp-Image-2023-03-15-at-7.36.22-PM-300x169.jpeg 300w, https:\/\/www.sspo.gob.mx\/wp-content\/uploads\/2023\/03\/WhatsApp-Image-2023-03-15-at-7.36.22-PM-768x432.jpeg 768w, https:\/\/www.sspo.gob.mx\/wp-content\/uploads\/2023\/03\/WhatsApp-Image-2023-03-15-at-7.36.22-PM-1536x864.jpeg 1536w, https:\/\/www.sspo.gob.mx\/wp-content\/uploads\/2023\/03\/WhatsApp-Image-2023-03-15-at-7.36.22-PM.jpeg 1600w\" sizes=\"(max-width: 1024px) 100vw, 1024px\" \/><\/a><\/figure>\n","protected":false},"excerpt":{"rendered":"<p>\u2022 Asimismo, la Polic\u00eda Estatal detuvo a dos masculinos por portaci\u00f3n de arma de fuego en la Costa. En acciones<\/p>\n","protected":false},"author":2,"featured_media":54130,"comment_status":"closed","ping_status":"closed","sticky":false,"template":"","format":"standard","meta":{"footnotes":""},"categories":[7],"tags":[],"_links":{"self":[{"href":"https:\/\/www.sspo.gob.mx\/index.php?rest_route=\/wp\/v2\/posts\/54128"}],"collection":[{"href":"https:\/\/www.sspo.gob.mx\/index.php?rest_route=\/wp\/v2\/posts"}],"about":[{"href":"https:\/\/www.sspo.gob.mx\/index.php?rest_route=\/wp\/v2\/types\/post"}],"author":[{"embeddable":true,"href":"https:\/\/www.sspo.gob.mx\/index.php?rest_route=\/wp\/v2\/users\/2"}],"replies":[{"embeddable":true,"href":"https:\/\/www.sspo.gob.mx\/index.php?rest_route=%2Fwp%2Fv2%2Fcomments&post=54128"}],"version-history":[{"count":2,"href":"https:\/\/www.sspo.gob.mx\/index.php?rest_route=\/wp\/v2\/posts\/54128\/revisions"}],"predecessor-version":[{"id":54133,"href":"https:\/\/www.sspo.gob.mx\/index.php?rest_route=\/wp\/v2\/posts\/54128\/revisions\/54133"}],"wp:featuredmedia":[{"embeddable":true,"href":"https:\/\/www.sspo.gob.mx\/index.php?rest_route=\/wp\/v2\/media\/54130"}],"wp:attachment":[{"href":"https:\/\/www.sspo.gob.mx\/index.php?rest_route=%2Fwp%2Fv2%2Fmedia&parent=54128"}],"wp:term":[{"taxonomy":"category","embeddable":true,"href":"https:\/\/www.sspo.gob.mx\/index.php?rest_route=%2Fwp%2Fv2%2Fcategories&post=54128"},{"taxonomy":"post_tag","embeddable":true,"href":"https:\/\/www.sspo.gob.mx\/index.php?rest_route=%2Fwp%2Fv2%2Ftags&post=54128"}],"curies":[{"name":"wp","href":"https:\/\/api.w.org\/{rel}","templated":true}]}}