{"id":54175,"date":"2023-03-24T19:21:26","date_gmt":"2023-03-25T01:21:26","guid":{"rendered":"https:\/\/sspo.gob.mx\/?p=54175"},"modified":"2023-03-24T20:09:34","modified_gmt":"2023-03-25T02:09:34","slug":"en-operativo-coordinado-detiene-sspc-a-cuatro-objetivos-prioritarios-en-san-miguel-soyaltepec","status":"publish","type":"post","link":"https:\/\/www.sspo.gob.mx\/?p=54175","title":{"rendered":"<strong>EN OPERATIVO COORDINADO DETIENE SSPC A CUATRO OBJETIVOS PRIORITARIOS EN SAN MIGUEL SOYALTEPEC<\/strong>"},"content":{"rendered":"\n<p><\/p>\n\n\n\n<ul>\n<li>Dicha acci\u00f3n operativa se llev\u00f3 a cabo gracias a la coordinaci\u00f3n con la AEI y la SEMAR.<\/li>\n<\/ul>\n\n\n\n<p>Oaxaca de Ju\u00e1rez, Oax., a 24 de marzo de 2023.- La Secretar\u00eda de Seguridad y Protecci\u00f3n Ciudadana informa que, gracias al trabajo coordinado con la Agencia Estatal de<\/p>\n\n\n\n<p>Investigaciones (AEI) y la Secretar\u00eda de Marina (SEMAR), se logr\u00f3 la detenci\u00f3n de cuatro objetivos prioritarios, por su presunta participaci\u00f3n en el delito de homicidio calificado en San Miguel Soyaltepec.<\/p>\n\n\n\n<p>   <\/p>\n\n\n\n<p>Esta acci\u00f3n operativa e interinstitucional se llev\u00f3 a cabo a trav\u00e9s de la implementaci\u00f3n del operativo &#8220;Lago Negro&#8221;, en la presa Miguel Alem\u00e1n, ubicada en la regi\u00f3n de la Cuenca del Papaloapan.<\/p>\n\n\n\n<p>Entre los detenidos se encuentra F. G.R.; L. I. E., alias el &#8220;Caba\u00f1a&#8221;; A. C. L. y M. G. A., a quienes tambi\u00e9n les fue asegurado armamento y equipo bal\u00edstico.<\/p>\n\n\n\n<p>Cabe se\u00f1alar que, los ahora detenidos contaban con orden de aprehensi\u00f3n por el delito de homicidio calificado, ocurrido el pasado 09 de febrero de 2023.<\/p>\n\n\n\n<p>Por tal motivo fueron puestos a disposicion de las autoridades correspondientes, quienes determinar\u00e1n su situaci\u00f3n jur\u00eddica.<\/p>\n\n\n\n<p>Con estas acciones, la SSPC que encabeza el Capit\u00e1n de Fragata, Iv\u00e1n Garc\u00eda \u00c1lvarez, refrenda el compromiso del Gobernador del Estado, Salom\u00f3n Jara Cruz, de garantizar la paz, seguridad y justicia en la entidad.<\/p>\n","protected":false},"excerpt":{"rendered":"<p>Oaxaca de Ju\u00e1rez, Oax., a 24 de marzo de 2023.- La Secretar\u00eda de Seguridad y Protecci\u00f3n Ciudadana informa que, gracias<\/p>\n","protected":false},"author":2,"featured_media":54176,"comment_status":"closed","ping_status":"closed","sticky":false,"template":"","format":"standard","meta":{"footnotes":""},"categories":[7],"tags":[],"_links":{"self":[{"href":"https:\/\/www.sspo.gob.mx\/index.php?rest_route=\/wp\/v2\/posts\/54175"}],"collection":[{"href":"https:\/\/www.sspo.gob.mx\/index.php?rest_route=\/wp\/v2\/posts"}],"about":[{"href":"https:\/\/www.sspo.gob.mx\/index.php?rest_route=\/wp\/v2\/types\/post"}],"author":[{"embeddable":true,"href":"https:\/\/www.sspo.gob.mx\/index.php?rest_route=\/wp\/v2\/users\/2"}],"replies":[{"embeddable":true,"href":"https:\/\/www.sspo.gob.mx\/index.php?rest_route=%2Fwp%2Fv2%2Fcomments&post=54175"}],"version-history":[{"count":2,"href":"https:\/\/www.sspo.gob.mx\/index.php?rest_route=\/wp\/v2\/posts\/54175\/revisions"}],"predecessor-version":[{"id":54178,"href":"https:\/\/www.sspo.gob.mx\/index.php?rest_route=\/wp\/v2\/posts\/54175\/revisions\/54178"}],"wp:featuredmedia":[{"embeddable":true,"href":"https:\/\/www.sspo.gob.mx\/index.php?rest_route=\/wp\/v2\/media\/54176"}],"wp:attachment":[{"href":"https:\/\/www.sspo.gob.mx\/index.php?rest_route=%2Fwp%2Fv2%2Fmedia&parent=54175"}],"wp:term":[{"taxonomy":"category","embeddable":true,"href":"https:\/\/www.sspo.gob.mx\/index.php?rest_route=%2Fwp%2Fv2%2Fcategories&post=54175"},{"taxonomy":"post_tag","embeddable":true,"href":"https:\/\/www.sspo.gob.mx\/index.php?rest_route=%2Fwp%2Fv2%2Ftags&post=54175"}],"curies":[{"name":"wp","href":"https:\/\/api.w.org\/{rel}","templated":true}]}}