{"id":54180,"date":"2023-03-27T19:06:08","date_gmt":"2023-03-28T01:06:08","guid":{"rendered":"https:\/\/sspo.gob.mx\/?p=54180"},"modified":"2023-03-27T19:06:09","modified_gmt":"2023-03-28T01:06:09","slug":"impulsamos-la-educacion-como-eje-rector-para-una-efectiva-reinsercion-a-la-sociedad-sspc","status":"publish","type":"post","link":"https:\/\/www.sspo.gob.mx\/?p=54180","title":{"rendered":"<strong>IMPULSAMOS LA EDUCACI\u00d3N COMO EJE RECTOR PARA UNA EFECTIVA REINSERCI\u00d3N A LA SOCIEDAD: SSPC<\/strong>"},"content":{"rendered":"\n<p><\/p>\n\n\n\n<p>\u2022\u00a0Se entregaron certificados de nivel primaria y secundaria entre la poblaci\u00f3n penitenciaria varonil.<\/p>\n\n\n\n<p>Oaxaca de Ju\u00e1rez, Oax., a 27 de marzo de 2023.- La Secretar\u00eda de Seguridad y Protecci\u00f3n Ciudadana (SSPC) informa que, con el objetivo de impulsar acciones en beneficio de la poblaci\u00f3n penitenciaria en materia educativa, se realiz\u00f3 la entrega de certificados de estudios del nivel b\u00e1sico.<\/p>\n\n\n\n<p>En un evento representativo, realizado en el Centro Penitenciario Tanivet Varonil, las Personas Privadas de su Libertad (PPL\u00b4s), recibieron por parte de las autoridades, dichos reconocimientos que contribuir\u00e1n en su desarrollo profesional y personal.<\/p>\n\n\n\n<p>Por su parte, el titular de la dependencia estatal, Capit\u00e1n de Fragata Iv\u00e1n Garc\u00eda \u00c1lvarez, reiter\u00f3 que como parte de las pol\u00edticas p\u00fablicas del Gobernador Salom\u00f3n Jara Cruz, se seguir\u00e1n fortaleciendo estas acciones en benefici\u00f3 de las PPL\u00b4s, al contar con herramientas que les permitan reintegrarse a la sociedad una vez que culminen su proceso.<\/p>\n\n\n\n<p>Es importante mencionar que, en los Centros Penitenciarios tambi\u00e9n se impacten actividades l\u00fadicas, culturales, art\u00edsticas y deportivas que favorecen en el progreso de la poblaci\u00f3n penitenciaria varonil, femenil y juvenil.<\/p>\n\n\n\n<p>Finalmente, Garc\u00eda \u00c1lvarez reiter\u00f3 que desde el inicio de la administraci\u00f3n estatal, se implementan acciones que garanticen mejores condiciones para una efectiva reinserci\u00f3n&nbsp;social.<\/p>\n","protected":false},"excerpt":{"rendered":"<p>\u2022\u00a0Se entregaron certificados de nivel primaria y secundaria entre la poblaci\u00f3n penitenciaria varonil. Oaxaca de Ju\u00e1rez, Oax., a 27 de<\/p>\n","protected":false},"author":2,"featured_media":54181,"comment_status":"closed","ping_status":"closed","sticky":false,"template":"","format":"standard","meta":{"footnotes":""},"categories":[7],"tags":[],"_links":{"self":[{"href":"https:\/\/www.sspo.gob.mx\/index.php?rest_route=\/wp\/v2\/posts\/54180"}],"collection":[{"href":"https:\/\/www.sspo.gob.mx\/index.php?rest_route=\/wp\/v2\/posts"}],"about":[{"href":"https:\/\/www.sspo.gob.mx\/index.php?rest_route=\/wp\/v2\/types\/post"}],"author":[{"embeddable":true,"href":"https:\/\/www.sspo.gob.mx\/index.php?rest_route=\/wp\/v2\/users\/2"}],"replies":[{"embeddable":true,"href":"https:\/\/www.sspo.gob.mx\/index.php?rest_route=%2Fwp%2Fv2%2Fcomments&post=54180"}],"version-history":[{"count":1,"href":"https:\/\/www.sspo.gob.mx\/index.php?rest_route=\/wp\/v2\/posts\/54180\/revisions"}],"predecessor-version":[{"id":54182,"href":"https:\/\/www.sspo.gob.mx\/index.php?rest_route=\/wp\/v2\/posts\/54180\/revisions\/54182"}],"wp:featuredmedia":[{"embeddable":true,"href":"https:\/\/www.sspo.gob.mx\/index.php?rest_route=\/wp\/v2\/media\/54181"}],"wp:attachment":[{"href":"https:\/\/www.sspo.gob.mx\/index.php?rest_route=%2Fwp%2Fv2%2Fmedia&parent=54180"}],"wp:term":[{"taxonomy":"category","embeddable":true,"href":"https:\/\/www.sspo.gob.mx\/index.php?rest_route=%2Fwp%2Fv2%2Fcategories&post=54180"},{"taxonomy":"post_tag","embeddable":true,"href":"https:\/\/www.sspo.gob.mx\/index.php?rest_route=%2Fwp%2Fv2%2Ftags&post=54180"}],"curies":[{"name":"wp","href":"https:\/\/api.w.org\/{rel}","templated":true}]}}