{"id":54325,"date":"2023-04-25T18:11:37","date_gmt":"2023-04-26T00:11:37","guid":{"rendered":"https:\/\/sspo.gob.mx\/?p=54325"},"modified":"2023-04-25T18:11:38","modified_gmt":"2023-04-26T00:11:38","slug":"sspc-despliega-cuarta-brigada-de-prevencion-para-la-construccion-de-la-paz-en-zimatlan-de-alvarez","status":"publish","type":"post","link":"https:\/\/www.sspo.gob.mx\/?p=54325","title":{"rendered":"SSPC DESPLIEGA CUARTA BRIGADA DE PREVENCI\u00d3N PARA LA CONSTRUCCI\u00d3N DE LA PAZ EN ZIMATL\u00c1N DE \u00c1LVAREZ"},"content":{"rendered":"\n<p><\/p>\n\n\n\n<p>\u2022 Esta Brigada de Prevenci\u00f3n del Delito se lleva a cabo en el marco de la 5ta. Jornada de Paz y Justicia para Mujeres Adolescentes y Ni\u00f1as que se materializa en la regi\u00f3n de los Valles Centrales.<\/p>\n\n\n\n<p>Oaxaca de Ju\u00e1rez, Oax., a 25 de abril de 2023.- La Secretar\u00eda de Seguridad y Protecci\u00f3n Ciudadana (SSPC), contin\u00faa con la Brigada de Prevenci\u00f3n para la Construcci\u00f3n de la Paz, en la regi\u00f3n de los Valles Centrales, en su cuarta edici\u00f3n, se desarroll\u00f3 en su primer d\u00eda en el municipio de Zimatl\u00e1n de \u00c1lvarez, a trav\u00e9s de talleres en materia de prevenci\u00f3n dirigidos a estudiantes, docentes, padres y madres de familia.<\/p>\n\n\n\n<p>Dichas actividades encabezadas por la Direcci\u00f3n General de Prevenci\u00f3n del Delito y Participaci\u00f3n Ciudadana de la SSPC, se realizan en coordinaci\u00f3n con las Unidades Municipales de Prevenci\u00f3n del Delito de Zimatl\u00e1n de \u00c1lvarez y Santa Cruz Amilpas.<\/p>\n\n\n\n<p>En esta brigada se imparten temas como el papel de la familia en la prevenci\u00f3n de la violencia y la delincuencia, prevenci\u00f3n de las adicciones, acoso escolar, prevenci\u00f3n de los riesgos en internet, trata de personas y extorsi\u00f3n; adem\u00e1s de la presentaci\u00f3n del teatro &#8220;Gui\u00f1ol&#8221; con el tema \u201cCuidemos nuestro tesoro, el cuerpo\u201d, que busca prevenir el abuso sexual infantil.<\/p>\n\n\n\n<p>Cabe se\u00f1alar que, con estas acciones la SSPC refuerza los servicios y la atenci\u00f3n que brinda el Gobierno del Estado de Oaxaca en materia social, jur\u00eddica y psicol\u00f3gica por medio de las 25 instituciones participantes en la 5ta. Jornada de Paz y Justicia para Mujeres, Adolescentes y Ni\u00f1as que se ha estado realizando cada mes, en el marco del D\u00eda Naranja.<\/p>\n\n\n\n<p>Es as\u00ed, como la SSPC al mando del Capit\u00e1n de Fragata, Iv\u00e1n Garc\u00eda \u00c1lvarez refrenda su compromiso con el pueblo de Oaxaca para consolidar el Nuevo Pacto Social en beneficios de las familias oaxaque\u00f1as.<\/p>\n\n\n\n<figure class=\"wp-block-gallery has-nested-images columns-default is-cropped wp-block-gallery-1 is-layout-flex wp-block-gallery-is-layout-flex\">\n<figure class=\"wp-block-image size-large\"><a href=\"https:\/\/sspo.gob.mx\/wp-content\/uploads\/2023\/04\/WhatsApp-Image-2023-04-25-at-7.09.48-PM.jpeg\"><img loading=\"lazy\" decoding=\"async\" width=\"1024\" height=\"768\" data-id=\"54326\" src=\"https:\/\/sspo.gob.mx\/wp-content\/uploads\/2023\/04\/WhatsApp-Image-2023-04-25-at-7.09.48-PM-1024x768.jpeg\" alt=\"\" class=\"wp-image-54326\" srcset=\"https:\/\/www.sspo.gob.mx\/wp-content\/uploads\/2023\/04\/WhatsApp-Image-2023-04-25-at-7.09.48-PM-1024x768.jpeg 1024w, https:\/\/www.sspo.gob.mx\/wp-content\/uploads\/2023\/04\/WhatsApp-Image-2023-04-25-at-7.09.48-PM-300x225.jpeg 300w, https:\/\/www.sspo.gob.mx\/wp-content\/uploads\/2023\/04\/WhatsApp-Image-2023-04-25-at-7.09.48-PM-768x576.jpeg 768w, https:\/\/www.sspo.gob.mx\/wp-content\/uploads\/2023\/04\/WhatsApp-Image-2023-04-25-at-7.09.48-PM.jpeg 1280w\" sizes=\"(max-width: 1024px) 100vw, 1024px\" \/><\/a><\/figure>\n<\/figure>\n","protected":false},"excerpt":{"rendered":"<p>\u2022 Esta Brigada de Prevenci\u00f3n del Delito se lleva a cabo en el marco de la 5ta. Jornada de Paz<\/p>\n","protected":false},"author":2,"featured_media":54327,"comment_status":"closed","ping_status":"closed","sticky":false,"template":"","format":"standard","meta":{"footnotes":""},"categories":[7],"tags":[],"_links":{"self":[{"href":"https:\/\/www.sspo.gob.mx\/index.php?rest_route=\/wp\/v2\/posts\/54325"}],"collection":[{"href":"https:\/\/www.sspo.gob.mx\/index.php?rest_route=\/wp\/v2\/posts"}],"about":[{"href":"https:\/\/www.sspo.gob.mx\/index.php?rest_route=\/wp\/v2\/types\/post"}],"author":[{"embeddable":true,"href":"https:\/\/www.sspo.gob.mx\/index.php?rest_route=\/wp\/v2\/users\/2"}],"replies":[{"embeddable":true,"href":"https:\/\/www.sspo.gob.mx\/index.php?rest_route=%2Fwp%2Fv2%2Fcomments&post=54325"}],"version-history":[{"count":1,"href":"https:\/\/www.sspo.gob.mx\/index.php?rest_route=\/wp\/v2\/posts\/54325\/revisions"}],"predecessor-version":[{"id":54328,"href":"https:\/\/www.sspo.gob.mx\/index.php?rest_route=\/wp\/v2\/posts\/54325\/revisions\/54328"}],"wp:featuredmedia":[{"embeddable":true,"href":"https:\/\/www.sspo.gob.mx\/index.php?rest_route=\/wp\/v2\/media\/54327"}],"wp:attachment":[{"href":"https:\/\/www.sspo.gob.mx\/index.php?rest_route=%2Fwp%2Fv2%2Fmedia&parent=54325"}],"wp:term":[{"taxonomy":"category","embeddable":true,"href":"https:\/\/www.sspo.gob.mx\/index.php?rest_route=%2Fwp%2Fv2%2Fcategories&post=54325"},{"taxonomy":"post_tag","embeddable":true,"href":"https:\/\/www.sspo.gob.mx\/index.php?rest_route=%2Fwp%2Fv2%2Ftags&post=54325"}],"curies":[{"name":"wp","href":"https:\/\/api.w.org\/{rel}","templated":true}]}}