{"id":54430,"date":"2023-05-26T11:14:37","date_gmt":"2023-05-26T17:14:37","guid":{"rendered":"https:\/\/sspo.gob.mx\/?p=54430"},"modified":"2023-05-26T11:21:46","modified_gmt":"2023-05-26T17:21:46","slug":"sspc-fortalece-la-capacitacion-constante-para-la-atencion-de-la-psicopatologia-penitenciaria-en-ppls","status":"publish","type":"post","link":"https:\/\/www.sspo.gob.mx\/?p=54430","title":{"rendered":"SSPC FORTALECE LA CAPACITACI\u00d3N CONSTANTE PARA LA ATENCI\u00d3N DE LA PSICOPATOLOG\u00cdA PENITENCIARIA EN PPL\u00b4S"},"content":{"rendered":"\n<ul>\n<li>La Subsecretaria de Prevenci\u00f3n y Reinserci\u00f3n Social en coordinaci\u00f3n con la Universidad La Salle Oaxaca llevan a cabo jornadas de cursos y ponencias sobre \u201cPsicopatolog\u00eda penitenciaria\u201d.<\/li>\n<\/ul>\n\n\n\n<p>Oaxaca de Ju\u00e1rez, Oax., 26 de mayo de 2023.- La Secretar\u00eda de Seguridad y Protecci\u00f3n Ciudadana (SSPC) a trav\u00e9s de la Subsecretaria de Prevenci\u00f3n y Reinserci\u00f3n Social en coordinaci\u00f3n con la Universidad La Salle Oaxaca, llev\u00f3 a cabo el ciclo de cursos y ponencias sobre la psicopatolog\u00eda penitenciaria, su evaluaci\u00f3n, diagn\u00f3stico y manejo de la persona privada de su libertad como trastorno psic\u00f3tico, dirigido al personal de centros penitenciarios del Estado y al alumnado de la carrera en psicolog\u00eda.<\/p>\n\n\n\n<p>Dichas actividades se llevaron a cabo en el Patio de Talleres de Ingenier\u00edas de la Universidad La Salle Oaxaca, con el prop\u00f3sito de fortalecer los conocimientos y las capacidades de los participantes, raz\u00f3n por lo cual, la Subsecretar\u00eda de Prevenci\u00f3n y Reinserci\u00f3n social de la SSPC fue la encargada de implementar esta actividad que responde al compromiso del Gobierno del Estado de garantizar condiciones para una correcta y adecuada reinserci\u00f3n social.<\/p>\n\n\n\n<p>Ante autoridades de dicha Universidad, el Director General de Reinserci\u00f3n Social Adolfo Pedro Fuentes Kim inaugur\u00f3 esta jornada y recalc\u00f3 la importancia de la constante capacitaci\u00f3n en el manejo de situaciones que involucren personas con caracter\u00edsticas psicol\u00f3gicas espec\u00edficas.<\/p>\n\n\n\n<figure class=\"wp-block-image size-large\"><a href=\"https:\/\/sspo.gob.mx\/wp-content\/uploads\/2023\/05\/WhatsApp-Image-2023-05-26-at-11.05.18.jpeg\"><img loading=\"lazy\" decoding=\"async\" width=\"1024\" height=\"682\" src=\"https:\/\/sspo.gob.mx\/wp-content\/uploads\/2023\/05\/WhatsApp-Image-2023-05-26-at-11.05.18-1024x682.jpeg\" alt=\"\" class=\"wp-image-54433\" srcset=\"https:\/\/www.sspo.gob.mx\/wp-content\/uploads\/2023\/05\/WhatsApp-Image-2023-05-26-at-11.05.18-1024x682.jpeg 1024w, https:\/\/www.sspo.gob.mx\/wp-content\/uploads\/2023\/05\/WhatsApp-Image-2023-05-26-at-11.05.18-300x200.jpeg 300w, https:\/\/www.sspo.gob.mx\/wp-content\/uploads\/2023\/05\/WhatsApp-Image-2023-05-26-at-11.05.18-768x512.jpeg 768w, https:\/\/www.sspo.gob.mx\/wp-content\/uploads\/2023\/05\/WhatsApp-Image-2023-05-26-at-11.05.18-1536x1023.jpeg 1536w, https:\/\/www.sspo.gob.mx\/wp-content\/uploads\/2023\/05\/WhatsApp-Image-2023-05-26-at-11.05.18.jpeg 1600w\" sizes=\"(max-width: 1024px) 100vw, 1024px\" \/><\/a><\/figure>\n\n\n\n<p>Por ello, se brindaron cursos y ponencias sobre atenci\u00f3n psiqui\u00e1trica, derechos humanos de pacientes psiqui\u00e1tricos privados de su libertad, evaluaci\u00f3n psicol\u00f3gica de PPL\u00b4s, procedimiento penal para personas inimputables y tratamiento en etapa de ejecuci\u00f3n de sentencia de las PPL\u00b4s, as\u00ed como psiquiatr\u00eda forense y tratamiento psicol\u00f3gico del paciente psiqui\u00e1trico privado de su libertad.<\/p>\n\n\n\n<p>Cabe hacer menci\u00f3n, que la atenci\u00f3n responsable y focalizada en el manejo de crisis en PPL\u00b4s coadyuva en el cumplimiento de los ejes de la reinserci\u00f3n social y garantiza la seguridad tanto de estas personas como de la sociedad oaxaque\u00f1a.<\/p>\n\n\n\n<p>Con estas acciones, como parte de la estrategia del Nuevo Pacto Social implementada por el Gobernador del Estado Salom\u00f3n Jara Cruz, la SSPC al mando del Capit\u00e1n Iv\u00e1n Garc\u00eda \u00c1lvarez refrenda su compromiso de trabajar en beneficio de las y los oaxaque\u00f1os, impulsando la profesionalizaci\u00f3n de quienes integran las instituciones responsables del Sistema Penitenciario Estatal.<\/p>\n\n\n\n<p class=\"has-text-align-center\">-0-<\/p>\n\n\n\n<figure class=\"wp-block-image size-large\"><a href=\"https:\/\/sspo.gob.mx\/wp-content\/uploads\/2023\/05\/WhatsApp-Image-2023-05-26-at-11.05.17.jpeg\"><img loading=\"lazy\" decoding=\"async\" width=\"1024\" height=\"682\" src=\"https:\/\/sspo.gob.mx\/wp-content\/uploads\/2023\/05\/WhatsApp-Image-2023-05-26-at-11.05.17-1024x682.jpeg\" alt=\"\" class=\"wp-image-54432\" srcset=\"https:\/\/www.sspo.gob.mx\/wp-content\/uploads\/2023\/05\/WhatsApp-Image-2023-05-26-at-11.05.17-1024x682.jpeg 1024w, https:\/\/www.sspo.gob.mx\/wp-content\/uploads\/2023\/05\/WhatsApp-Image-2023-05-26-at-11.05.17-300x200.jpeg 300w, https:\/\/www.sspo.gob.mx\/wp-content\/uploads\/2023\/05\/WhatsApp-Image-2023-05-26-at-11.05.17-768x512.jpeg 768w, https:\/\/www.sspo.gob.mx\/wp-content\/uploads\/2023\/05\/WhatsApp-Image-2023-05-26-at-11.05.17-1536x1023.jpeg 1536w, https:\/\/www.sspo.gob.mx\/wp-content\/uploads\/2023\/05\/WhatsApp-Image-2023-05-26-at-11.05.17.jpeg 1600w\" sizes=\"(max-width: 1024px) 100vw, 1024px\" \/><\/a><\/figure>\n","protected":false},"excerpt":{"rendered":"<p>Oaxaca de Ju\u00e1rez, Oax., 26 de mayo de 2023.- La Secretar\u00eda de Seguridad y Protecci\u00f3n Ciudadana (SSPC) a trav\u00e9s de<\/p>\n","protected":false},"author":2,"featured_media":54431,"comment_status":"closed","ping_status":"closed","sticky":false,"template":"","format":"standard","meta":{"footnotes":""},"categories":[1],"tags":[],"_links":{"self":[{"href":"https:\/\/www.sspo.gob.mx\/index.php?rest_route=\/wp\/v2\/posts\/54430"}],"collection":[{"href":"https:\/\/www.sspo.gob.mx\/index.php?rest_route=\/wp\/v2\/posts"}],"about":[{"href":"https:\/\/www.sspo.gob.mx\/index.php?rest_route=\/wp\/v2\/types\/post"}],"author":[{"embeddable":true,"href":"https:\/\/www.sspo.gob.mx\/index.php?rest_route=\/wp\/v2\/users\/2"}],"replies":[{"embeddable":true,"href":"https:\/\/www.sspo.gob.mx\/index.php?rest_route=%2Fwp%2Fv2%2Fcomments&post=54430"}],"version-history":[{"count":2,"href":"https:\/\/www.sspo.gob.mx\/index.php?rest_route=\/wp\/v2\/posts\/54430\/revisions"}],"predecessor-version":[{"id":54435,"href":"https:\/\/www.sspo.gob.mx\/index.php?rest_route=\/wp\/v2\/posts\/54430\/revisions\/54435"}],"wp:featuredmedia":[{"embeddable":true,"href":"https:\/\/www.sspo.gob.mx\/index.php?rest_route=\/wp\/v2\/media\/54431"}],"wp:attachment":[{"href":"https:\/\/www.sspo.gob.mx\/index.php?rest_route=%2Fwp%2Fv2%2Fmedia&parent=54430"}],"wp:term":[{"taxonomy":"category","embeddable":true,"href":"https:\/\/www.sspo.gob.mx\/index.php?rest_route=%2Fwp%2Fv2%2Fcategories&post=54430"},{"taxonomy":"post_tag","embeddable":true,"href":"https:\/\/www.sspo.gob.mx\/index.php?rest_route=%2Fwp%2Fv2%2Ftags&post=54430"}],"curies":[{"name":"wp","href":"https:\/\/api.w.org\/{rel}","templated":true}]}}