{"id":54436,"date":"2023-05-29T14:24:12","date_gmt":"2023-05-29T20:24:12","guid":{"rendered":"https:\/\/sspo.gob.mx\/?p=54436"},"modified":"2023-05-29T14:25:00","modified_gmt":"2023-05-29T20:25:00","slug":"participa-sspc-en-foro-internacional-para-la-prevencion-y-proteccion-de-la-ninez-y-juventud","status":"publish","type":"post","link":"https:\/\/www.sspo.gob.mx\/?p=54436","title":{"rendered":"PARTICIPA SSPC EN FORO INTERNACIONAL PARA LA PREVENCI\u00d3N Y PROTECCI\u00d3N DE LA NI\u00d1EZ Y JUVENTUD"},"content":{"rendered":"\n<ul>\n<li>En este foro se establecer\u00e1n acciones de prevenci\u00f3n y atenci\u00f3n de manera espec\u00edfica y focalizada hacia menores que son forzados a cometer delitos<\/li>\n<\/ul>\n\n\n\n<p>Oaxaca de Ju\u00e1rez, Oax. 29 de mayo de 2023.- El Gobierno del Estado a trav\u00e9s de la Secretar\u00eda de Seguridad y Protecci\u00f3n Ciudadana (SSPC) participa en el \u201cForo Internacional para la Prevenci\u00f3n y Protecci\u00f3n de Ni\u00f1as, Ni\u00f1os y Adolescentes Vinculados a la Delincuencia Organizada\u201d impulsado por el Gobierno Federal en la Ciudad de M\u00e9xico.<\/p>\n\n\n\n<p>A este encuentro acudi\u00f3 la directora de Prevenci\u00f3n del Delito, Mayleth L\u00f3pez Rangel en representaci\u00f3n del titular de la SSPC, Iv\u00e1n Garc\u00eda \u00c1lvarez como parte de la profesionalizaci\u00f3n constante para el fortalecimiento de la paz con justicia en Oaxaca.<\/p>\n\n\n\n<p>Dicho foro tiene el objetivo de generar acciones coordinadas entre los sistemas de protecci\u00f3n y procuraci\u00f3n de justicia que garanticen los derechos humanos y contribuyan a la prevenci\u00f3n, investigaci\u00f3n, atenci\u00f3n, reinserci\u00f3n y desvinculaci\u00f3n de menores infractores.<\/p>\n\n\n\n<p>En el marco de la Estrategia Nacional de Seguridad P\u00fablica, este espacio servir\u00e1 como intercambio de experiencias internacionales para promover un cambio de perspectiva ante el tratamiento de ni\u00f1as, ni\u00f1os y adolescentes vinculados a la delincuencia organizada, con acciones de prevenci\u00f3n y atenci\u00f3n focalizadas.<\/p>\n\n\n\n<p>En esta primera etapa y en representaci\u00f3n del Gobierno de M\u00e9xico se cont\u00f3 con la participaci\u00f3n de la titular de la Unidad de Prevenci\u00f3n de la Violencia y el Delito, Tania Enr\u00edquez Mier, entre otros ponentes de organismos internacionales, invitados especiales y j\u00f3venes desvinculados.<\/p>\n\n\n\n<p class=\"has-text-align-center\">-0-<\/p>\n\n\n\n<figure class=\"wp-block-image size-full\"><a href=\"https:\/\/sspo.gob.mx\/wp-content\/uploads\/2023\/05\/WhatsApp-Image-2023-05-29-at-14.22.03.jpeg\"><img loading=\"lazy\" decoding=\"async\" width=\"900\" height=\"523\" src=\"https:\/\/sspo.gob.mx\/wp-content\/uploads\/2023\/05\/WhatsApp-Image-2023-05-29-at-14.22.03.jpeg\" alt=\"\" class=\"wp-image-54438\" srcset=\"https:\/\/www.sspo.gob.mx\/wp-content\/uploads\/2023\/05\/WhatsApp-Image-2023-05-29-at-14.22.03.jpeg 900w, https:\/\/www.sspo.gob.mx\/wp-content\/uploads\/2023\/05\/WhatsApp-Image-2023-05-29-at-14.22.03-300x174.jpeg 300w, https:\/\/www.sspo.gob.mx\/wp-content\/uploads\/2023\/05\/WhatsApp-Image-2023-05-29-at-14.22.03-768x446.jpeg 768w\" sizes=\"(max-width: 900px) 100vw, 900px\" \/><\/a><\/figure>\n","protected":false},"excerpt":{"rendered":"<p>Oaxaca de Ju\u00e1rez, Oax. 29 de mayo de 2023.- El Gobierno del Estado a trav\u00e9s de la Secretar\u00eda de Seguridad<\/p>\n","protected":false},"author":2,"featured_media":54437,"comment_status":"closed","ping_status":"closed","sticky":false,"template":"","format":"standard","meta":{"footnotes":""},"categories":[7],"tags":[],"_links":{"self":[{"href":"https:\/\/www.sspo.gob.mx\/index.php?rest_route=\/wp\/v2\/posts\/54436"}],"collection":[{"href":"https:\/\/www.sspo.gob.mx\/index.php?rest_route=\/wp\/v2\/posts"}],"about":[{"href":"https:\/\/www.sspo.gob.mx\/index.php?rest_route=\/wp\/v2\/types\/post"}],"author":[{"embeddable":true,"href":"https:\/\/www.sspo.gob.mx\/index.php?rest_route=\/wp\/v2\/users\/2"}],"replies":[{"embeddable":true,"href":"https:\/\/www.sspo.gob.mx\/index.php?rest_route=%2Fwp%2Fv2%2Fcomments&post=54436"}],"version-history":[{"count":3,"href":"https:\/\/www.sspo.gob.mx\/index.php?rest_route=\/wp\/v2\/posts\/54436\/revisions"}],"predecessor-version":[{"id":54443,"href":"https:\/\/www.sspo.gob.mx\/index.php?rest_route=\/wp\/v2\/posts\/54436\/revisions\/54443"}],"wp:featuredmedia":[{"embeddable":true,"href":"https:\/\/www.sspo.gob.mx\/index.php?rest_route=\/wp\/v2\/media\/54437"}],"wp:attachment":[{"href":"https:\/\/www.sspo.gob.mx\/index.php?rest_route=%2Fwp%2Fv2%2Fmedia&parent=54436"}],"wp:term":[{"taxonomy":"category","embeddable":true,"href":"https:\/\/www.sspo.gob.mx\/index.php?rest_route=%2Fwp%2Fv2%2Fcategories&post=54436"},{"taxonomy":"post_tag","embeddable":true,"href":"https:\/\/www.sspo.gob.mx\/index.php?rest_route=%2Fwp%2Fv2%2Ftags&post=54436"}],"curies":[{"name":"wp","href":"https:\/\/api.w.org\/{rel}","templated":true}]}}