{"id":54842,"date":"2023-08-13T14:44:18","date_gmt":"2023-08-13T20:44:18","guid":{"rendered":"https:\/\/sspo.gob.mx\/?p=54842"},"modified":"2023-08-13T14:44:18","modified_gmt":"2023-08-13T20:44:18","slug":"encabeza-pabic-la-primera-jornada-estatal-de-reforestacion-2023","status":"publish","type":"post","link":"https:\/\/www.sspo.gob.mx\/?p=54842","title":{"rendered":"ENCABEZA PABIC LA PRIMERA JORNADA ESTATAL DE REFORESTACI\u00d3N 2023"},"content":{"rendered":"<p>\u2022 Se plantaron 600 ejemplares de especies end\u00e9micas de Oaxaca.<\/p>\n<p>Oaxaca de Ju\u00e1rez, Oax., 13 de agosto de 2023.- Como parte de la iniciativa que impulsa el Gobierno del Estado de Oaxaca para la conservaci\u00f3n de las \u00e1reas naturales, la Polic\u00eda Auxiliar, Bancaria, Industrial y Comercial (PABIC) particip\u00f3 en la Primera Jornada Estatal de Reforestaci\u00f3n 2023, realizada en Santiago, Etla.<\/p>\n<p>Encabezados por el Director General, Alejandro Tejada y de manera coordinada con la Guardia Nacional (GN), la Secretar\u00eda de la Defensa Nacional (SEDENA), autoridades municipales y ciudadan\u00eda en general de Santiago, Etla y de Oaxaca de Ju\u00e1rez; se realizaron labores para la plantaci\u00f3n de 600 ejemplares de especies end\u00e9micas de nuestro estado.<\/p>\n<p><a href=\"https:\/\/sspo.gob.mx\/wp-content\/uploads\/2023\/08\/WhatsApp-Image-2023-08-13-at-15.30.55.jpeg\"><img loading=\"lazy\" decoding=\"async\" class=\"aligncenter size-full wp-image-54843\" src=\"https:\/\/sspo.gob.mx\/wp-content\/uploads\/2023\/08\/WhatsApp-Image-2023-08-13-at-15.30.55.jpeg\" alt=\"\" width=\"1024\" height=\"768\" srcset=\"https:\/\/www.sspo.gob.mx\/wp-content\/uploads\/2023\/08\/WhatsApp-Image-2023-08-13-at-15.30.55.jpeg 1024w, https:\/\/www.sspo.gob.mx\/wp-content\/uploads\/2023\/08\/WhatsApp-Image-2023-08-13-at-15.30.55-300x225.jpeg 300w, https:\/\/www.sspo.gob.mx\/wp-content\/uploads\/2023\/08\/WhatsApp-Image-2023-08-13-at-15.30.55-768x576.jpeg 768w\" sizes=\"(max-width: 1024px) 100vw, 1024px\" \/><\/a><\/p>\n<p>Esta actividad tiene como prop\u00f3sito fomentar la protecci\u00f3n y cuidado del medio ambiente y espacios naturales, al tiempo de generar nuevas \u00e1reas verdes que brinden belleza al entorno y sean factores de equilibrio natural.<\/p>\n<p>Con estas acciones, la Secretar\u00eda de Seguridad y Protecci\u00f3n Ciudadana (SSPC) a trav\u00e9s de la PABIC, reitera su compromiso social de contribuir a la conservaci\u00f3n del patrimonio natural, sentando las bases para el desarrollo integral y sustentable de Oaxaca.<\/p>\n<p><a href=\"https:\/\/sspo.gob.mx\/wp-content\/uploads\/2023\/08\/WhatsApp-Image-2023-08-13-at-15.30.54.jpeg\"><img loading=\"lazy\" decoding=\"async\" class=\"aligncenter size-large wp-image-54844\" src=\"https:\/\/sspo.gob.mx\/wp-content\/uploads\/2023\/08\/WhatsApp-Image-2023-08-13-at-15.30.54-1024x768.jpeg\" alt=\"\" width=\"800\" height=\"600\" srcset=\"https:\/\/www.sspo.gob.mx\/wp-content\/uploads\/2023\/08\/WhatsApp-Image-2023-08-13-at-15.30.54-1024x768.jpeg 1024w, https:\/\/www.sspo.gob.mx\/wp-content\/uploads\/2023\/08\/WhatsApp-Image-2023-08-13-at-15.30.54-300x225.jpeg 300w, https:\/\/www.sspo.gob.mx\/wp-content\/uploads\/2023\/08\/WhatsApp-Image-2023-08-13-at-15.30.54-768x576.jpeg 768w, https:\/\/www.sspo.gob.mx\/wp-content\/uploads\/2023\/08\/WhatsApp-Image-2023-08-13-at-15.30.54-1536x1152.jpeg 1536w, https:\/\/www.sspo.gob.mx\/wp-content\/uploads\/2023\/08\/WhatsApp-Image-2023-08-13-at-15.30.54.jpeg 1600w\" sizes=\"(max-width: 800px) 100vw, 800px\" \/><\/a><\/p>\n<p><a href=\"https:\/\/sspo.gob.mx\/wp-content\/uploads\/2023\/08\/WhatsApp-Image-2023-08-13-at-15.30.56-2.jpeg\"><img loading=\"lazy\" decoding=\"async\" class=\"aligncenter size-large wp-image-54845\" src=\"https:\/\/sspo.gob.mx\/wp-content\/uploads\/2023\/08\/WhatsApp-Image-2023-08-13-at-15.30.56-2-1024x768.jpeg\" alt=\"\" width=\"800\" height=\"600\" srcset=\"https:\/\/www.sspo.gob.mx\/wp-content\/uploads\/2023\/08\/WhatsApp-Image-2023-08-13-at-15.30.56-2-1024x768.jpeg 1024w, https:\/\/www.sspo.gob.mx\/wp-content\/uploads\/2023\/08\/WhatsApp-Image-2023-08-13-at-15.30.56-2-300x225.jpeg 300w, https:\/\/www.sspo.gob.mx\/wp-content\/uploads\/2023\/08\/WhatsApp-Image-2023-08-13-at-15.30.56-2-768x576.jpeg 768w, https:\/\/www.sspo.gob.mx\/wp-content\/uploads\/2023\/08\/WhatsApp-Image-2023-08-13-at-15.30.56-2.jpeg 1156w\" sizes=\"(max-width: 800px) 100vw, 800px\" \/><\/a><\/p>\n<p>-0-<\/p>\n","protected":false},"excerpt":{"rendered":"<p>\u2022 Se plantaron 600 ejemplares de especies end\u00e9micas de Oaxaca. Oaxaca de Ju\u00e1rez, Oax., 13 de agosto de 2023.- Como<\/p>\n","protected":false},"author":2,"featured_media":54846,"comment_status":"closed","ping_status":"closed","sticky":false,"template":"","format":"standard","meta":{"footnotes":""},"categories":[1],"tags":[],"_links":{"self":[{"href":"https:\/\/www.sspo.gob.mx\/index.php?rest_route=\/wp\/v2\/posts\/54842"}],"collection":[{"href":"https:\/\/www.sspo.gob.mx\/index.php?rest_route=\/wp\/v2\/posts"}],"about":[{"href":"https:\/\/www.sspo.gob.mx\/index.php?rest_route=\/wp\/v2\/types\/post"}],"author":[{"embeddable":true,"href":"https:\/\/www.sspo.gob.mx\/index.php?rest_route=\/wp\/v2\/users\/2"}],"replies":[{"embeddable":true,"href":"https:\/\/www.sspo.gob.mx\/index.php?rest_route=%2Fwp%2Fv2%2Fcomments&post=54842"}],"version-history":[{"count":1,"href":"https:\/\/www.sspo.gob.mx\/index.php?rest_route=\/wp\/v2\/posts\/54842\/revisions"}],"predecessor-version":[{"id":54847,"href":"https:\/\/www.sspo.gob.mx\/index.php?rest_route=\/wp\/v2\/posts\/54842\/revisions\/54847"}],"wp:featuredmedia":[{"embeddable":true,"href":"https:\/\/www.sspo.gob.mx\/index.php?rest_route=\/wp\/v2\/media\/54846"}],"wp:attachment":[{"href":"https:\/\/www.sspo.gob.mx\/index.php?rest_route=%2Fwp%2Fv2%2Fmedia&parent=54842"}],"wp:term":[{"taxonomy":"category","embeddable":true,"href":"https:\/\/www.sspo.gob.mx\/index.php?rest_route=%2Fwp%2Fv2%2Fcategories&post=54842"},{"taxonomy":"post_tag","embeddable":true,"href":"https:\/\/www.sspo.gob.mx\/index.php?rest_route=%2Fwp%2Fv2%2Ftags&post=54842"}],"curies":[{"name":"wp","href":"https:\/\/api.w.org\/{rel}","templated":true}]}}