{"id":54968,"date":"2023-08-25T16:48:19","date_gmt":"2023-08-25T22:48:19","guid":{"rendered":"https:\/\/sspo.gob.mx\/?p=54968"},"modified":"2023-08-25T16:48:19","modified_gmt":"2023-08-25T22:48:19","slug":"impulsa-sspc-la-capacitacion-integral-de-guardias-de-seguridad-privada","status":"publish","type":"post","link":"https:\/\/www.sspo.gob.mx\/?p=54968","title":{"rendered":"IMPULSA SSPC LA CAPACITACI\u00d3N INTEGRAL DE GUARDIAS DE SEGURIDAD PRIVADA"},"content":{"rendered":"<p>-Las y los integrantes de 24 empresas de seguridad privada registradas en la SSPC recibieron instrucci\u00f3n en diversos temas preventivos.<\/p>\n<p>Oaxaca de Ju\u00e1rez, Oax., 25 de agosto de 2023.- La Secretar\u00eda de Seguridad y Protecci\u00f3n Ciudadana (SSPC) imparti\u00f3 una jornada de capacitaciones a las y los integrantes de 24 empresas registradas en la Direcci\u00f3n de Seguridad Privada, esto, en coadyuvancia con la Coordinaci\u00f3n Estatal de Protecci\u00f3n Civil y Gesti\u00f3n de Riesgos (CEPCyGR), del Centro de Reeducaci\u00f3n para Hombres que Ejercen Violencia contra las Mujeres (CREHVM) y del Heroico Cuerpo de Bomberos de Oaxaca (HCBO).<\/p>\n<p><a href=\"https:\/\/sspo.gob.mx\/wp-content\/uploads\/2023\/08\/WhatsApp-Image-2023-08-25-at-17.36.42-3.jpeg\"><img loading=\"lazy\" decoding=\"async\" class=\"aligncenter size-large wp-image-54969\" src=\"https:\/\/sspo.gob.mx\/wp-content\/uploads\/2023\/08\/WhatsApp-Image-2023-08-25-at-17.36.42-3-1024x714.jpeg\" alt=\"\" width=\"800\" height=\"558\" srcset=\"https:\/\/www.sspo.gob.mx\/wp-content\/uploads\/2023\/08\/WhatsApp-Image-2023-08-25-at-17.36.42-3-1024x714.jpeg 1024w, https:\/\/www.sspo.gob.mx\/wp-content\/uploads\/2023\/08\/WhatsApp-Image-2023-08-25-at-17.36.42-3-300x209.jpeg 300w, https:\/\/www.sspo.gob.mx\/wp-content\/uploads\/2023\/08\/WhatsApp-Image-2023-08-25-at-17.36.42-3-768x536.jpeg 768w, https:\/\/www.sspo.gob.mx\/wp-content\/uploads\/2023\/08\/WhatsApp-Image-2023-08-25-at-17.36.42-3-1536x1071.jpeg 1536w, https:\/\/www.sspo.gob.mx\/wp-content\/uploads\/2023\/08\/WhatsApp-Image-2023-08-25-at-17.36.42-3-392x272.jpeg 392w, https:\/\/www.sspo.gob.mx\/wp-content\/uploads\/2023\/08\/WhatsApp-Image-2023-08-25-at-17.36.42-3-130x90.jpeg 130w, https:\/\/www.sspo.gob.mx\/wp-content\/uploads\/2023\/08\/WhatsApp-Image-2023-08-25-at-17.36.42-3.jpeg 1600w\" sizes=\"(max-width: 800px) 100vw, 800px\" \/><\/a><\/p>\n<p>Con el objetivo de brindar certeza a las personas usuarias de servicios de seguridad privada, la SSPC que encabeza el Capit\u00e1n Iv\u00e1n Garc\u00eda \u00c1lvarez, impulsa la capacitaci\u00f3n integral de quienes forman parte de las empresas que cuentan con registro vigente.<\/p>\n<p>En tal sentido, la CEPCyGR imparti\u00f3 el Curso B\u00e1sico de Protecci\u00f3n Civil, mientras que el HCBO facilit\u00f3 capacitaciones sobre Primer Respondiente ante una Emergencia M\u00e9dica y Uso y Manejo de Extintores, as\u00ed tambi\u00e9n, el CREHVM capacit\u00f3 a las y los guardias de seguridad privada en temas preventivos como Buen trato y Hostigamiento y Acoso Sexual.<\/p>\n<p><a href=\"https:\/\/sspo.gob.mx\/wp-content\/uploads\/2023\/08\/WhatsApp-Image-2023-08-25-at-17.36.42-5.jpeg\"><img loading=\"lazy\" decoding=\"async\" class=\"aligncenter size-large wp-image-54970\" src=\"https:\/\/sspo.gob.mx\/wp-content\/uploads\/2023\/08\/WhatsApp-Image-2023-08-25-at-17.36.42-5-1024x699.jpeg\" alt=\"\" width=\"800\" height=\"546\" srcset=\"https:\/\/www.sspo.gob.mx\/wp-content\/uploads\/2023\/08\/WhatsApp-Image-2023-08-25-at-17.36.42-5-1024x699.jpeg 1024w, https:\/\/www.sspo.gob.mx\/wp-content\/uploads\/2023\/08\/WhatsApp-Image-2023-08-25-at-17.36.42-5-300x205.jpeg 300w, https:\/\/www.sspo.gob.mx\/wp-content\/uploads\/2023\/08\/WhatsApp-Image-2023-08-25-at-17.36.42-5-768x524.jpeg 768w, https:\/\/www.sspo.gob.mx\/wp-content\/uploads\/2023\/08\/WhatsApp-Image-2023-08-25-at-17.36.42-5-1536x1048.jpeg 1536w, https:\/\/www.sspo.gob.mx\/wp-content\/uploads\/2023\/08\/WhatsApp-Image-2023-08-25-at-17.36.42-5-130x90.jpeg 130w, https:\/\/www.sspo.gob.mx\/wp-content\/uploads\/2023\/08\/WhatsApp-Image-2023-08-25-at-17.36.42-5.jpeg 1600w\" sizes=\"(max-width: 800px) 100vw, 800px\" \/><\/a><\/p>\n<p>Como resultado de dichas capacitaciones, la Direcci\u00f3n de Seguridad Privada realiz\u00f3 la entrega de los reconocimientos y constancias que acreditan la formaci\u00f3n de las y los guardias en los temas antes indicados.<\/p>\n<p>Estas acciones forman parte de los trabajos que la SSPC realiza para dar cumplimiento a la instrucci\u00f3n del Gobernador Salom\u00f3n Jara, de contar con cuerpos policiales preparados para el ejercicio de sus funciones en estricto apego a los Derechos Humanos y garant\u00edas del pueblo de Oaxaca.<\/p>\n<p><a href=\"https:\/\/sspo.gob.mx\/wp-content\/uploads\/2023\/08\/WhatsApp-Image-2023-08-25-at-17.36.42-6.jpeg\"><img loading=\"lazy\" decoding=\"async\" class=\"aligncenter size-large wp-image-54971\" src=\"https:\/\/sspo.gob.mx\/wp-content\/uploads\/2023\/08\/WhatsApp-Image-2023-08-25-at-17.36.42-6-1024x599.jpeg\" alt=\"\" width=\"800\" height=\"468\" srcset=\"https:\/\/www.sspo.gob.mx\/wp-content\/uploads\/2023\/08\/WhatsApp-Image-2023-08-25-at-17.36.42-6-1024x599.jpeg 1024w, https:\/\/www.sspo.gob.mx\/wp-content\/uploads\/2023\/08\/WhatsApp-Image-2023-08-25-at-17.36.42-6-300x175.jpeg 300w, https:\/\/www.sspo.gob.mx\/wp-content\/uploads\/2023\/08\/WhatsApp-Image-2023-08-25-at-17.36.42-6-768x449.jpeg 768w, https:\/\/www.sspo.gob.mx\/wp-content\/uploads\/2023\/08\/WhatsApp-Image-2023-08-25-at-17.36.42-6.jpeg 1413w\" sizes=\"(max-width: 800px) 100vw, 800px\" \/><\/a><\/p>\n<p>&nbsp;<\/p>\n<p>-0-<\/p>\n","protected":false},"excerpt":{"rendered":"<p>-Las y los integrantes de 24 empresas de seguridad privada registradas en la SSPC recibieron instrucci\u00f3n en diversos temas preventivos.<\/p>\n","protected":false},"author":2,"featured_media":54972,"comment_status":"closed","ping_status":"closed","sticky":false,"template":"","format":"standard","meta":{"footnotes":""},"categories":[7],"tags":[],"_links":{"self":[{"href":"https:\/\/www.sspo.gob.mx\/index.php?rest_route=\/wp\/v2\/posts\/54968"}],"collection":[{"href":"https:\/\/www.sspo.gob.mx\/index.php?rest_route=\/wp\/v2\/posts"}],"about":[{"href":"https:\/\/www.sspo.gob.mx\/index.php?rest_route=\/wp\/v2\/types\/post"}],"author":[{"embeddable":true,"href":"https:\/\/www.sspo.gob.mx\/index.php?rest_route=\/wp\/v2\/users\/2"}],"replies":[{"embeddable":true,"href":"https:\/\/www.sspo.gob.mx\/index.php?rest_route=%2Fwp%2Fv2%2Fcomments&post=54968"}],"version-history":[{"count":1,"href":"https:\/\/www.sspo.gob.mx\/index.php?rest_route=\/wp\/v2\/posts\/54968\/revisions"}],"predecessor-version":[{"id":54973,"href":"https:\/\/www.sspo.gob.mx\/index.php?rest_route=\/wp\/v2\/posts\/54968\/revisions\/54973"}],"wp:featuredmedia":[{"embeddable":true,"href":"https:\/\/www.sspo.gob.mx\/index.php?rest_route=\/wp\/v2\/media\/54972"}],"wp:attachment":[{"href":"https:\/\/www.sspo.gob.mx\/index.php?rest_route=%2Fwp%2Fv2%2Fmedia&parent=54968"}],"wp:term":[{"taxonomy":"category","embeddable":true,"href":"https:\/\/www.sspo.gob.mx\/index.php?rest_route=%2Fwp%2Fv2%2Fcategories&post=54968"},{"taxonomy":"post_tag","embeddable":true,"href":"https:\/\/www.sspo.gob.mx\/index.php?rest_route=%2Fwp%2Fv2%2Ftags&post=54968"}],"curies":[{"name":"wp","href":"https:\/\/api.w.org\/{rel}","templated":true}]}}