{"id":55008,"date":"2023-08-29T19:11:02","date_gmt":"2023-08-30T01:11:02","guid":{"rendered":"https:\/\/sspo.gob.mx\/?p=55008"},"modified":"2023-08-29T19:11:02","modified_gmt":"2023-08-30T01:11:02","slug":"integrantes-de-la-sidi-recibieron-el-curso-como-tratar-a-personas-con-discapacidad-por-parte-del-crit","status":"publish","type":"post","link":"https:\/\/www.sspo.gob.mx\/?p=55008","title":{"rendered":"INTEGRANTES DE LA SIDI RECIBIERON EL CURSO \u201cC\u00d3MO TRATAR A PERSONAS CON DISCAPACIDAD\u201d POR PARTE DEL CRIT."},"content":{"rendered":"<p>&#8211; Integrantes de la SIDI recibieron el curso \u201cC\u00f3mo tratar a personas con discapacidad\u201d por parte del CRIT.<\/p>\n<p>Oaxaca de Ju\u00e1rez, Oax., 29 de agosto de 2023.- Con el objetivo de que los servicios y auxilios prestados por la Secretar\u00eda de Seguridad y Protecci\u00f3n Ciudadana (SSPC) a trav\u00e9s de la Subsecretar\u00eda de Informaci\u00f3n y Reinserci\u00f3n Social (SIDI) promuevan la inclusi\u00f3n de todas y todos en un marco de estricto respeto de los derechos humanos; la subsecretar\u00eda particip\u00f3 en el curso \u201cC\u00f3mo tratar a personas con discapacidad\u201d.<\/p>\n<p>Facilitada por instructores del Centro de Rehabilitaci\u00f3n Infantil Telet\u00f3n (CRIT), la iniciativa busca sensibilizar al personal de la SIDI, por lo que 35 colaboradores y colaboradoras de diversas \u00e1reas de esa subsecretar\u00eda fueron parte de la capacitaci\u00f3n que tuvo lugar el 24 y 25 de agosto.<\/p>\n<p><a href=\"https:\/\/sspo.gob.mx\/wp-content\/uploads\/2023\/08\/WhatsApp-Image-2023-08-29-at-18.51.59-3.jpeg\"><img loading=\"lazy\" decoding=\"async\" class=\"aligncenter size-full wp-image-55009\" src=\"https:\/\/sspo.gob.mx\/wp-content\/uploads\/2023\/08\/WhatsApp-Image-2023-08-29-at-18.51.59-3.jpeg\" alt=\"\" width=\"1024\" height=\"683\" srcset=\"https:\/\/www.sspo.gob.mx\/wp-content\/uploads\/2023\/08\/WhatsApp-Image-2023-08-29-at-18.51.59-3.jpeg 1024w, https:\/\/www.sspo.gob.mx\/wp-content\/uploads\/2023\/08\/WhatsApp-Image-2023-08-29-at-18.51.59-3-300x200.jpeg 300w, https:\/\/www.sspo.gob.mx\/wp-content\/uploads\/2023\/08\/WhatsApp-Image-2023-08-29-at-18.51.59-3-768x512.jpeg 768w\" sizes=\"(max-width: 1024px) 100vw, 1024px\" \/><\/a><\/p>\n<p>Se abordaron temas como la importancia de comprender las necesidades y desaf\u00edos que enfrentan las personas con discapacidad en su vida diaria, as\u00ed como el uso de un lenguaje respetuoso y adecuado al interactuar con ellas. Esto incluy\u00f3 pautas para lograr una comunicaci\u00f3n efectiva, entre otros aspectos relevantes.<\/p>\n<p>La SSPC que encabeza el Capit\u00e1n Iv\u00e1n Garc\u00eda \u00c1lvarez, busca proporcionar a sus integrantes, las herramientas pr\u00e1cticas y conocimientos para interactuar de manera respetuosa, inclusiva y emp\u00e1tica con las personas con discapacidad, promoviendo una sociedad m\u00e1s equitativa\u00a0y\u00a0consciente, contribuyendo al fortalecimiento del Nuevo Pacto Social.<\/p>\n<p><a href=\"https:\/\/sspo.gob.mx\/wp-content\/uploads\/2023\/08\/WhatsApp-Image-2023-08-29-at-18.51.59-1.jpeg\"><img loading=\"lazy\" decoding=\"async\" class=\"aligncenter size-full wp-image-55010\" src=\"https:\/\/sspo.gob.mx\/wp-content\/uploads\/2023\/08\/WhatsApp-Image-2023-08-29-at-18.51.59-1.jpeg\" alt=\"\" width=\"1024\" height=\"575\" srcset=\"https:\/\/www.sspo.gob.mx\/wp-content\/uploads\/2023\/08\/WhatsApp-Image-2023-08-29-at-18.51.59-1.jpeg 1024w, https:\/\/www.sspo.gob.mx\/wp-content\/uploads\/2023\/08\/WhatsApp-Image-2023-08-29-at-18.51.59-1-300x168.jpeg 300w, https:\/\/www.sspo.gob.mx\/wp-content\/uploads\/2023\/08\/WhatsApp-Image-2023-08-29-at-18.51.59-1-768x431.jpeg 768w\" sizes=\"(max-width: 1024px) 100vw, 1024px\" \/><\/a><a href=\"https:\/\/sspo.gob.mx\/wp-content\/uploads\/2023\/08\/WhatsApp-Image-2023-08-29-at-18.52.00-1.jpeg\"><img loading=\"lazy\" decoding=\"async\" class=\"aligncenter size-full wp-image-55011\" src=\"https:\/\/sspo.gob.mx\/wp-content\/uploads\/2023\/08\/WhatsApp-Image-2023-08-29-at-18.52.00-1.jpeg\" alt=\"\" width=\"1024\" height=\"683\" srcset=\"https:\/\/www.sspo.gob.mx\/wp-content\/uploads\/2023\/08\/WhatsApp-Image-2023-08-29-at-18.52.00-1.jpeg 1024w, https:\/\/www.sspo.gob.mx\/wp-content\/uploads\/2023\/08\/WhatsApp-Image-2023-08-29-at-18.52.00-1-300x200.jpeg 300w, https:\/\/www.sspo.gob.mx\/wp-content\/uploads\/2023\/08\/WhatsApp-Image-2023-08-29-at-18.52.00-1-768x512.jpeg 768w\" sizes=\"(max-width: 1024px) 100vw, 1024px\" \/><\/a><\/p>\n<p>-0-<\/p>\n","protected":false},"excerpt":{"rendered":"<p>&#8211; Integrantes de la SIDI recibieron el curso \u201cC\u00f3mo tratar a personas con discapacidad\u201d por parte del CRIT. Oaxaca de<\/p>\n","protected":false},"author":2,"featured_media":55012,"comment_status":"closed","ping_status":"closed","sticky":false,"template":"","format":"standard","meta":{"footnotes":""},"categories":[7],"tags":[],"_links":{"self":[{"href":"https:\/\/www.sspo.gob.mx\/index.php?rest_route=\/wp\/v2\/posts\/55008"}],"collection":[{"href":"https:\/\/www.sspo.gob.mx\/index.php?rest_route=\/wp\/v2\/posts"}],"about":[{"href":"https:\/\/www.sspo.gob.mx\/index.php?rest_route=\/wp\/v2\/types\/post"}],"author":[{"embeddable":true,"href":"https:\/\/www.sspo.gob.mx\/index.php?rest_route=\/wp\/v2\/users\/2"}],"replies":[{"embeddable":true,"href":"https:\/\/www.sspo.gob.mx\/index.php?rest_route=%2Fwp%2Fv2%2Fcomments&post=55008"}],"version-history":[{"count":1,"href":"https:\/\/www.sspo.gob.mx\/index.php?rest_route=\/wp\/v2\/posts\/55008\/revisions"}],"predecessor-version":[{"id":55013,"href":"https:\/\/www.sspo.gob.mx\/index.php?rest_route=\/wp\/v2\/posts\/55008\/revisions\/55013"}],"wp:featuredmedia":[{"embeddable":true,"href":"https:\/\/www.sspo.gob.mx\/index.php?rest_route=\/wp\/v2\/media\/55012"}],"wp:attachment":[{"href":"https:\/\/www.sspo.gob.mx\/index.php?rest_route=%2Fwp%2Fv2%2Fmedia&parent=55008"}],"wp:term":[{"taxonomy":"category","embeddable":true,"href":"https:\/\/www.sspo.gob.mx\/index.php?rest_route=%2Fwp%2Fv2%2Fcategories&post=55008"},{"taxonomy":"post_tag","embeddable":true,"href":"https:\/\/www.sspo.gob.mx\/index.php?rest_route=%2Fwp%2Fv2%2Ftags&post=55008"}],"curies":[{"name":"wp","href":"https:\/\/api.w.org\/{rel}","templated":true}]}}