{"id":55056,"date":"2023-09-04T21:13:37","date_gmt":"2023-09-05T03:13:37","guid":{"rendered":"https:\/\/sspo.gob.mx\/?p=55056"},"modified":"2023-09-04T21:13:37","modified_gmt":"2023-09-05T03:13:37","slug":"sspc-fortalece-la-capacitacion-del-personal-del-centro-estatal-de-emergencias","status":"publish","type":"post","link":"https:\/\/www.sspo.gob.mx\/?p=55056","title":{"rendered":"SSPC FORTALECE LA CAPACITACI\u00d3N DEL PERSONAL DEL CENTRO ESTATAL DE EMERGENCIAS"},"content":{"rendered":"<p class=\"p1\"><span class=\"s1\">\u2022 Como parte del Plan Estatal de Capacitaciones y a trav\u00e9s de la coordinaci\u00f3n con el Sistema DIF Oaxaca, operadores telef\u00f3nicos del 911 y 089 se capacitan en materia de atenci\u00f3n a ni\u00f1as, ni\u00f1os y adolescentes.<\/span><\/p>\n<p class=\"p1\"><span class=\"s1\">Oaxaca de Ju\u00e1rez, Oax., 4 de septiembre de 2023.- Atendiendo la instrucci\u00f3n del Gobernador del Estado Salom\u00f3n Jara Cruz de fortalecer la labor de las instituciones encargadas de la seguridad en Oaxaca, la Secretar\u00eda de Seguridad y Protecci\u00f3n Ciudadana inici\u00f3 una serie de capacitaciones al personal del Centro Estatal de Emergencias (CEE).<\/span><\/p>\n<p><a href=\"https:\/\/sspo.gob.mx\/wp-content\/uploads\/2023\/09\/61375c30-c07e-434a-a27e-84b96cc01544.jpeg\"><img loading=\"lazy\" decoding=\"async\" class=\"aligncenter size-large wp-image-55059\" src=\"https:\/\/sspo.gob.mx\/wp-content\/uploads\/2023\/09\/61375c30-c07e-434a-a27e-84b96cc01544-1024x682.jpeg\" alt=\"\" width=\"800\" height=\"533\" srcset=\"https:\/\/www.sspo.gob.mx\/wp-content\/uploads\/2023\/09\/61375c30-c07e-434a-a27e-84b96cc01544-1024x682.jpeg 1024w, https:\/\/www.sspo.gob.mx\/wp-content\/uploads\/2023\/09\/61375c30-c07e-434a-a27e-84b96cc01544-300x200.jpeg 300w, https:\/\/www.sspo.gob.mx\/wp-content\/uploads\/2023\/09\/61375c30-c07e-434a-a27e-84b96cc01544-768x512.jpeg 768w, https:\/\/www.sspo.gob.mx\/wp-content\/uploads\/2023\/09\/61375c30-c07e-434a-a27e-84b96cc01544-1536x1023.jpeg 1536w, https:\/\/www.sspo.gob.mx\/wp-content\/uploads\/2023\/09\/61375c30-c07e-434a-a27e-84b96cc01544.jpeg 1600w\" sizes=\"(max-width: 800px) 100vw, 800px\" \/><\/a><\/p>\n<p class=\"p1\"><span class=\"s1\">Mediante la coordinaci\u00f3n de la Procuradur\u00eda Estatal de los Derechos de Ni\u00f1as, Ni\u00f1os y Adolescentes del Sistema DIF Oaxaca y la Subsecretar\u00eda de Informaci\u00f3n y Desarrollo Institucional (SIDI), se capacita a operadores telef\u00f3nicos del 911 y 089 en las instalaciones del Centro de Control, Comando y Comunicaci\u00f3n (C4).<\/span><\/p>\n<p class=\"p1\"><span class=\"s1\">Esto, como parte del Plan Estatal de Capacitaciones, el objetivo es dotar de las herramientas necesarias al personal que atiende las llamadas de emergencias las 24 horas del d\u00eda, los 365 d\u00edas del a\u00f1o, para garantizar a ni\u00f1as, ni\u00f1os y adolescentes del estado una vida libre de violencia.<\/span><\/p>\n<p><a href=\"https:\/\/sspo.gob.mx\/wp-content\/uploads\/2023\/09\/61375c30-c07e-434a-a27e-84b96cc01544-1.jpeg\"><img loading=\"lazy\" decoding=\"async\" class=\"aligncenter size-large wp-image-55060\" src=\"https:\/\/sspo.gob.mx\/wp-content\/uploads\/2023\/09\/61375c30-c07e-434a-a27e-84b96cc01544-1-1024x682.jpeg\" alt=\"\" width=\"800\" height=\"533\" srcset=\"https:\/\/www.sspo.gob.mx\/wp-content\/uploads\/2023\/09\/61375c30-c07e-434a-a27e-84b96cc01544-1-1024x682.jpeg 1024w, https:\/\/www.sspo.gob.mx\/wp-content\/uploads\/2023\/09\/61375c30-c07e-434a-a27e-84b96cc01544-1-300x200.jpeg 300w, https:\/\/www.sspo.gob.mx\/wp-content\/uploads\/2023\/09\/61375c30-c07e-434a-a27e-84b96cc01544-1-768x512.jpeg 768w, https:\/\/www.sspo.gob.mx\/wp-content\/uploads\/2023\/09\/61375c30-c07e-434a-a27e-84b96cc01544-1-1536x1023.jpeg 1536w, https:\/\/www.sspo.gob.mx\/wp-content\/uploads\/2023\/09\/61375c30-c07e-434a-a27e-84b96cc01544-1.jpeg 1600w\" sizes=\"(max-width: 800px) 100vw, 800px\" \/><\/a><\/p>\n<p class=\"p1\"><span class=\"s1\">Asimismo, se busca generar un diagn\u00f3stico sobre las principales dificultades a las que se enfrenta el personal del CEE ante situaciones que involucren menores de edad y fortalecer as\u00ed la atenci\u00f3n a este sector.<\/span><\/p>\n<p class=\"p1\"><span class=\"s1\">Dentro de estas capacitaciones, se incentiva la inclusi\u00f3n del personal hipo ac\u00fastico a trav\u00e9s de int\u00e9rpretes en lengua de se\u00f1as para consolidar una atenci\u00f3n integral, \u00f3ptima y focalizada a la ciudadan\u00eda que haga uso del servicio de emergencias 911 y Denuncia An\u00f3nima 089.<\/span><\/p>\n<p><a href=\"https:\/\/sspo.gob.mx\/wp-content\/uploads\/2023\/09\/466a637a-3ba7-4787-bb9d-157d1fddc951.jpeg\"><img loading=\"lazy\" decoding=\"async\" class=\"aligncenter size-large wp-image-55061\" src=\"https:\/\/sspo.gob.mx\/wp-content\/uploads\/2023\/09\/466a637a-3ba7-4787-bb9d-157d1fddc951-1024x682.jpeg\" alt=\"\" width=\"800\" height=\"533\" srcset=\"https:\/\/www.sspo.gob.mx\/wp-content\/uploads\/2023\/09\/466a637a-3ba7-4787-bb9d-157d1fddc951-1024x682.jpeg 1024w, https:\/\/www.sspo.gob.mx\/wp-content\/uploads\/2023\/09\/466a637a-3ba7-4787-bb9d-157d1fddc951-300x200.jpeg 300w, https:\/\/www.sspo.gob.mx\/wp-content\/uploads\/2023\/09\/466a637a-3ba7-4787-bb9d-157d1fddc951-768x512.jpeg 768w, https:\/\/www.sspo.gob.mx\/wp-content\/uploads\/2023\/09\/466a637a-3ba7-4787-bb9d-157d1fddc951-1536x1023.jpeg 1536w, https:\/\/www.sspo.gob.mx\/wp-content\/uploads\/2023\/09\/466a637a-3ba7-4787-bb9d-157d1fddc951.jpeg 1600w\" sizes=\"(max-width: 800px) 100vw, 800px\" \/><\/a><\/p>\n<p class=\"p1\"><span class=\"s1\">Con estas acciones coordinadas con el Sistema DIF estatal, encabezado por la Presidenta Honoraria Irma Bola\u00f1os Quijano, la seguridad p\u00fablica en Oaxaca se fortalece dentro de un marco humano y solidario con las necesidades de la sociedad oaxaque\u00f1a.<\/span><\/p>\n<p class=\"p1\" style=\"text-align: center;\"><span class=\"s1\">-0-<\/span><\/p>\n<p style=\"text-align: right;\"><a href=\"https:\/\/sspo.gob.mx\/wp-content\/uploads\/2023\/09\/7bd92df7-64d1-4639-854b-5107fe24255d.jpeg\"><img loading=\"lazy\" decoding=\"async\" class=\"aligncenter size-large wp-image-55058\" src=\"https:\/\/sspo.gob.mx\/wp-content\/uploads\/2023\/09\/7bd92df7-64d1-4639-854b-5107fe24255d-1024x682.jpeg\" alt=\"\" width=\"800\" height=\"533\" srcset=\"https:\/\/www.sspo.gob.mx\/wp-content\/uploads\/2023\/09\/7bd92df7-64d1-4639-854b-5107fe24255d-1024x682.jpeg 1024w, https:\/\/www.sspo.gob.mx\/wp-content\/uploads\/2023\/09\/7bd92df7-64d1-4639-854b-5107fe24255d-300x200.jpeg 300w, https:\/\/www.sspo.gob.mx\/wp-content\/uploads\/2023\/09\/7bd92df7-64d1-4639-854b-5107fe24255d-768x512.jpeg 768w, https:\/\/www.sspo.gob.mx\/wp-content\/uploads\/2023\/09\/7bd92df7-64d1-4639-854b-5107fe24255d-1536x1023.jpeg 1536w, https:\/\/www.sspo.gob.mx\/wp-content\/uploads\/2023\/09\/7bd92df7-64d1-4639-854b-5107fe24255d.jpeg 1600w\" sizes=\"(max-width: 800px) 100vw, 800px\" \/><\/a><\/p>\n","protected":false},"excerpt":{"rendered":"<p>\u2022 Como parte del Plan Estatal de Capacitaciones y a trav\u00e9s de la coordinaci\u00f3n con el Sistema DIF Oaxaca, operadores<\/p>\n","protected":false},"author":2,"featured_media":55057,"comment_status":"closed","ping_status":"closed","sticky":false,"template":"","format":"standard","meta":{"footnotes":""},"categories":[1],"tags":[],"_links":{"self":[{"href":"https:\/\/www.sspo.gob.mx\/index.php?rest_route=\/wp\/v2\/posts\/55056"}],"collection":[{"href":"https:\/\/www.sspo.gob.mx\/index.php?rest_route=\/wp\/v2\/posts"}],"about":[{"href":"https:\/\/www.sspo.gob.mx\/index.php?rest_route=\/wp\/v2\/types\/post"}],"author":[{"embeddable":true,"href":"https:\/\/www.sspo.gob.mx\/index.php?rest_route=\/wp\/v2\/users\/2"}],"replies":[{"embeddable":true,"href":"https:\/\/www.sspo.gob.mx\/index.php?rest_route=%2Fwp%2Fv2%2Fcomments&post=55056"}],"version-history":[{"count":1,"href":"https:\/\/www.sspo.gob.mx\/index.php?rest_route=\/wp\/v2\/posts\/55056\/revisions"}],"predecessor-version":[{"id":55062,"href":"https:\/\/www.sspo.gob.mx\/index.php?rest_route=\/wp\/v2\/posts\/55056\/revisions\/55062"}],"wp:featuredmedia":[{"embeddable":true,"href":"https:\/\/www.sspo.gob.mx\/index.php?rest_route=\/wp\/v2\/media\/55057"}],"wp:attachment":[{"href":"https:\/\/www.sspo.gob.mx\/index.php?rest_route=%2Fwp%2Fv2%2Fmedia&parent=55056"}],"wp:term":[{"taxonomy":"category","embeddable":true,"href":"https:\/\/www.sspo.gob.mx\/index.php?rest_route=%2Fwp%2Fv2%2Fcategories&post=55056"},{"taxonomy":"post_tag","embeddable":true,"href":"https:\/\/www.sspo.gob.mx\/index.php?rest_route=%2Fwp%2Fv2%2Ftags&post=55056"}],"curies":[{"name":"wp","href":"https:\/\/api.w.org\/{rel}","templated":true}]}}