{"id":55149,"date":"2023-09-18T18:12:24","date_gmt":"2023-09-19T00:12:24","guid":{"rendered":"https:\/\/sspo.gob.mx\/?p=55149"},"modified":"2023-09-18T18:12:24","modified_gmt":"2023-09-19T00:12:24","slug":"honra-sspc-simbolos-patrios-sus-areas-y-corporaciones-encabezaron-el-izamiento-de-la-bandera-nacional","status":"publish","type":"post","link":"https:\/\/www.sspo.gob.mx\/?p=55149","title":{"rendered":"HONRA SSPC S\u00cdMBOLOS PATRIOS; SUS \u00c1REAS Y CORPORACIONES ENCABEZARON EL IZAMIENTO DE LA BANDERA NACIONAL"},"content":{"rendered":"<p>-Da cumplimiento a la instrucci\u00f3n del Gobernador Salom\u00f3n Jara de promover el esp\u00edritu de fervor patrio y unidad que caracterizan a oaxaque\u00f1as y oaxaque\u00f1os.<\/p>\n<p>Oaxaca de Ju\u00e1rez, Oax., 18 de septiembre de 2023.- Encabezados por el titular, Capit\u00e1n Iv\u00e1n Garc\u00eda \u00c1lvarez, personal de las \u00e1reas y corporaciones de la Secretar\u00eda de Seguridad y Protecci\u00f3n Ciudadana (SSPC) del Gobierno de Oaxaca, realizaron la ceremonia de izamiento de la Bandera Nacional este s\u00e1bado 16 de septiembre, que se llev\u00f3 a cabo como parte del Programa Septiembre, Mes de la Patria.<\/p>\n<p>Con orgullo y fervor patrio, los contingentes de la Polic\u00eda Estatal, Polic\u00eda Vial Estatal, Heroico Cuerpo de Bomberos de Oaxaca y Polic\u00eda Auxiliar, Bancaria, Industrial y Comercial, as\u00ed como personal administrativo particip\u00f3 en el evento para honrar los s\u00edmbolos patrios y a los h\u00e9roes y hero\u00ednas que lucharon por la naci\u00f3n que hoy tenemos.<\/p>\n<p><a href=\"https:\/\/sspo.gob.mx\/wp-content\/uploads\/2023\/09\/WhatsApp-Image-2023-09-18-at-18.57.35.jpeg\"><img loading=\"lazy\" decoding=\"async\" class=\"aligncenter size-large wp-image-55150\" src=\"https:\/\/sspo.gob.mx\/wp-content\/uploads\/2023\/09\/WhatsApp-Image-2023-09-18-at-18.57.35-682x1024.jpeg\" alt=\"\" width=\"682\" height=\"1024\" srcset=\"https:\/\/www.sspo.gob.mx\/wp-content\/uploads\/2023\/09\/WhatsApp-Image-2023-09-18-at-18.57.35-682x1024.jpeg 682w, https:\/\/www.sspo.gob.mx\/wp-content\/uploads\/2023\/09\/WhatsApp-Image-2023-09-18-at-18.57.35-200x300.jpeg 200w, https:\/\/www.sspo.gob.mx\/wp-content\/uploads\/2023\/09\/WhatsApp-Image-2023-09-18-at-18.57.35-768x1153.jpeg 768w, https:\/\/www.sspo.gob.mx\/wp-content\/uploads\/2023\/09\/WhatsApp-Image-2023-09-18-at-18.57.35-1023x1536.jpeg 1023w, https:\/\/www.sspo.gob.mx\/wp-content\/uploads\/2023\/09\/WhatsApp-Image-2023-09-18-at-18.57.35.jpeg 1066w\" sizes=\"(max-width: 682px) 100vw, 682px\" \/><\/a><\/p>\n<p>&nbsp;<\/p>\n<p>En su intervenci\u00f3n, el Secretario de Seguridad dijo que en la SSPC se honra la lucha de Independencia no s\u00f3lo con palabras sino con acciones contundentes encaminadas a devolverle todo el poder al pueblo para construir un estado donde la libertad sea la base del desarrollo.<\/p>\n<p>\u201cDesde el gobierno de la Cuarta Transformaci\u00f3n y bajo los principios de igualdad, honestidad, unidad y respeto que rigen la pol\u00edtica del Ingeniero Salom\u00f3n Jara Cruz, nuestro compromiso es claro: construir la paz con justicia para las familias oaxaque\u00f1as\u201d, asegur\u00f3.<\/p>\n<p><a href=\"https:\/\/sspo.gob.mx\/wp-content\/uploads\/2023\/09\/WhatsApp-Image-2023-09-18-at-18.57.34-2.jpeg\"><img loading=\"lazy\" decoding=\"async\" class=\"aligncenter size-large wp-image-55151\" src=\"https:\/\/sspo.gob.mx\/wp-content\/uploads\/2023\/09\/WhatsApp-Image-2023-09-18-at-18.57.34-2-1024x682.jpeg\" alt=\"\" width=\"800\" height=\"533\" srcset=\"https:\/\/www.sspo.gob.mx\/wp-content\/uploads\/2023\/09\/WhatsApp-Image-2023-09-18-at-18.57.34-2-1024x682.jpeg 1024w, https:\/\/www.sspo.gob.mx\/wp-content\/uploads\/2023\/09\/WhatsApp-Image-2023-09-18-at-18.57.34-2-300x200.jpeg 300w, https:\/\/www.sspo.gob.mx\/wp-content\/uploads\/2023\/09\/WhatsApp-Image-2023-09-18-at-18.57.34-2-768x512.jpeg 768w, https:\/\/www.sspo.gob.mx\/wp-content\/uploads\/2023\/09\/WhatsApp-Image-2023-09-18-at-18.57.34-2-1536x1023.jpeg 1536w, https:\/\/www.sspo.gob.mx\/wp-content\/uploads\/2023\/09\/WhatsApp-Image-2023-09-18-at-18.57.34-2.jpeg 1600w\" sizes=\"(max-width: 800px) 100vw, 800px\" \/><\/a><\/p>\n<p>El funcionario agradeci\u00f3 la participaci\u00f3n de las Bandas de Guerra y M\u00fasica, al igual que la Escolta de la Unidad Policial de Operaciones Especiales que pertenece a la Polic\u00eda Estatal en la ceremonia, as\u00ed como de los mandos civiles y policiales presentes.<\/p>\n<p>En el marco de este Aniversario de la Gesta Heroica de 1810 la lectura de la Proclama estuvo a cargo del Subsecretario de Prevenci\u00f3n y Reinserci\u00f3n Social, Roberto Claudio Castillo Ram\u00edrez.<\/p>\n<p>Con ello, la SSPC da cumplimiento a la instrucci\u00f3n del Gobernador Salom\u00f3n Jara Cruz, de promover el esp\u00edritu de fervor patrio y unidad que nos caracterizan como mexicanos y oaxaque\u00f1os.<\/p>\n<p><a href=\"https:\/\/sspo.gob.mx\/wp-content\/uploads\/2023\/09\/WhatsApp-Image-2023-09-18-at-18.57.34-3.jpeg\"><img loading=\"lazy\" decoding=\"async\" class=\"aligncenter size-large wp-image-55152\" src=\"https:\/\/sspo.gob.mx\/wp-content\/uploads\/2023\/09\/WhatsApp-Image-2023-09-18-at-18.57.34-3-1024x682.jpeg\" alt=\"\" width=\"800\" height=\"533\" srcset=\"https:\/\/www.sspo.gob.mx\/wp-content\/uploads\/2023\/09\/WhatsApp-Image-2023-09-18-at-18.57.34-3-1024x682.jpeg 1024w, https:\/\/www.sspo.gob.mx\/wp-content\/uploads\/2023\/09\/WhatsApp-Image-2023-09-18-at-18.57.34-3-300x200.jpeg 300w, https:\/\/www.sspo.gob.mx\/wp-content\/uploads\/2023\/09\/WhatsApp-Image-2023-09-18-at-18.57.34-3-768x512.jpeg 768w, https:\/\/www.sspo.gob.mx\/wp-content\/uploads\/2023\/09\/WhatsApp-Image-2023-09-18-at-18.57.34-3-1536x1023.jpeg 1536w, https:\/\/www.sspo.gob.mx\/wp-content\/uploads\/2023\/09\/WhatsApp-Image-2023-09-18-at-18.57.34-3.jpeg 1600w\" sizes=\"(max-width: 800px) 100vw, 800px\" \/><\/a><\/p>\n<p>-0-<\/p>\n","protected":false},"excerpt":{"rendered":"<p>-Da cumplimiento a la instrucci\u00f3n del Gobernador Salom\u00f3n Jara de promover el esp\u00edritu de fervor patrio y unidad que caracterizan<\/p>\n","protected":false},"author":2,"featured_media":55153,"comment_status":"closed","ping_status":"closed","sticky":false,"template":"","format":"standard","meta":{"footnotes":""},"categories":[7],"tags":[],"_links":{"self":[{"href":"https:\/\/www.sspo.gob.mx\/index.php?rest_route=\/wp\/v2\/posts\/55149"}],"collection":[{"href":"https:\/\/www.sspo.gob.mx\/index.php?rest_route=\/wp\/v2\/posts"}],"about":[{"href":"https:\/\/www.sspo.gob.mx\/index.php?rest_route=\/wp\/v2\/types\/post"}],"author":[{"embeddable":true,"href":"https:\/\/www.sspo.gob.mx\/index.php?rest_route=\/wp\/v2\/users\/2"}],"replies":[{"embeddable":true,"href":"https:\/\/www.sspo.gob.mx\/index.php?rest_route=%2Fwp%2Fv2%2Fcomments&post=55149"}],"version-history":[{"count":1,"href":"https:\/\/www.sspo.gob.mx\/index.php?rest_route=\/wp\/v2\/posts\/55149\/revisions"}],"predecessor-version":[{"id":55154,"href":"https:\/\/www.sspo.gob.mx\/index.php?rest_route=\/wp\/v2\/posts\/55149\/revisions\/55154"}],"wp:featuredmedia":[{"embeddable":true,"href":"https:\/\/www.sspo.gob.mx\/index.php?rest_route=\/wp\/v2\/media\/55153"}],"wp:attachment":[{"href":"https:\/\/www.sspo.gob.mx\/index.php?rest_route=%2Fwp%2Fv2%2Fmedia&parent=55149"}],"wp:term":[{"taxonomy":"category","embeddable":true,"href":"https:\/\/www.sspo.gob.mx\/index.php?rest_route=%2Fwp%2Fv2%2Fcategories&post=55149"},{"taxonomy":"post_tag","embeddable":true,"href":"https:\/\/www.sspo.gob.mx\/index.php?rest_route=%2Fwp%2Fv2%2Ftags&post=55149"}],"curies":[{"name":"wp","href":"https:\/\/api.w.org\/{rel}","templated":true}]}}