{"id":55175,"date":"2023-09-20T17:57:54","date_gmt":"2023-09-20T23:57:54","guid":{"rendered":"https:\/\/sspo.gob.mx\/?p=55175"},"modified":"2023-09-20T17:57:54","modified_gmt":"2023-09-20T23:57:54","slug":"conmemoran-fiestas-patrias-en-el-centro-penitenciario-tanivet-femenil","status":"publish","type":"post","link":"https:\/\/www.sspo.gob.mx\/?p=55175","title":{"rendered":"CONMEMORAN FIESTAS PATRIAS EN EL CENTRO PENITENCIARIO TANIVET FEMENIL"},"content":{"rendered":"<p>&#8211; En total calma y con un ambiente de algarab\u00eda, mujeres privadas de libertad realizaron una verbena y convivieron con autoridades.<\/p>\n<p>Oaxaca de Ju\u00e1rez, Oax., 20 de septiembre de 2023. La Secretar\u00eda de Seguridad y Protecci\u00f3n Ciudadana (SSPC) a trav\u00e9s de la Subsecretar\u00eda de Prevenci\u00f3n y Reinserci\u00f3n Social inform\u00f3 que mujeres privadas de libertad del Centro Penitenciario Tanivet Femenil, realizaron un acto c\u00edvico y cultural conmemorativo de la Independencia de M\u00e9xico, as\u00ed como una verbena popular en esas instalaciones.<\/p>\n<p>En presencia de la Procuradora de la Defensa de las Personas con Discapacidad del DIF Oaxaca, Cristina Mart\u00ednez Tenorio y personal de la Defensor\u00eda de los Derechos Humanos del Pueblo de Oaxaca (DDHPO), de la Coordinaci\u00f3n para la Atenci\u00f3n de los Derechos Humanos (CADH) y de la Casa de la Cultura Oaxaque\u00f1a (CCO); el Subsecretario de Prevenci\u00f3n y Reinserci\u00f3n Social, Roberto Claudio Castillo Ram\u00edrez, acompa\u00f1ado de autoridades penitenciarias y mandos de la SSPC, aprovech\u00f3 la ocasi\u00f3n para entregar reconocimientos a las mujeres privadas de libertad que anteriormente completaron un curso-taller de Primeros Auxilios.<\/p>\n<p><a href=\"https:\/\/sspo.gob.mx\/wp-content\/uploads\/2023\/09\/WhatsApp-Image-2023-09-20-at-18.40.27-2.jpeg\"><img loading=\"lazy\" decoding=\"async\" class=\"aligncenter size-large wp-image-55177\" src=\"https:\/\/sspo.gob.mx\/wp-content\/uploads\/2023\/09\/WhatsApp-Image-2023-09-20-at-18.40.27-2-1024x662.jpeg\" alt=\"\" width=\"800\" height=\"517\" srcset=\"https:\/\/www.sspo.gob.mx\/wp-content\/uploads\/2023\/09\/WhatsApp-Image-2023-09-20-at-18.40.27-2-1024x662.jpeg 1024w, https:\/\/www.sspo.gob.mx\/wp-content\/uploads\/2023\/09\/WhatsApp-Image-2023-09-20-at-18.40.27-2-300x194.jpeg 300w, https:\/\/www.sspo.gob.mx\/wp-content\/uploads\/2023\/09\/WhatsApp-Image-2023-09-20-at-18.40.27-2-768x497.jpeg 768w, https:\/\/www.sspo.gob.mx\/wp-content\/uploads\/2023\/09\/WhatsApp-Image-2023-09-20-at-18.40.27-2-1536x994.jpeg 1536w, https:\/\/www.sspo.gob.mx\/wp-content\/uploads\/2023\/09\/WhatsApp-Image-2023-09-20-at-18.40.27-2.jpeg 1600w\" sizes=\"(max-width: 800px) 100vw, 800px\" \/><\/a><\/p>\n<p>Para celebrar las fiestas patrias, en la verbena se ofrecieron diferentes platillos y postres tradicionales, adem\u00e1s de bailes y m\u00fasica representativa, como una forma de promover, fortalecer y mantener el sentido de nacionalidad y pertenencia en la poblaci\u00f3n penitenciaria.<\/p>\n<p>Con estas actividades, la SSCP al mando del Capit\u00e1n Iv\u00e1n Garc\u00eda \u00c1lvarez, refrenda su compromiso de fomentar diferentes actividades culturales entre las Personas privadas de Libertad (PPL), aportando a la sana convivencia de las mismas, en aras de la reinserci\u00f3n social efectiva cuya facilitaci\u00f3n ha instruido el Gobernador, Salom\u00f3n Jara Cruz.<\/p>\n<p><a href=\"https:\/\/sspo.gob.mx\/wp-content\/uploads\/2023\/09\/WhatsApp-Image-2023-09-20-at-18.40.27-6.jpeg\"><img loading=\"lazy\" decoding=\"async\" class=\"aligncenter size-large wp-image-55178\" src=\"https:\/\/sspo.gob.mx\/wp-content\/uploads\/2023\/09\/WhatsApp-Image-2023-09-20-at-18.40.27-6-1024x768.jpeg\" alt=\"\" width=\"800\" height=\"600\" srcset=\"https:\/\/www.sspo.gob.mx\/wp-content\/uploads\/2023\/09\/WhatsApp-Image-2023-09-20-at-18.40.27-6-1024x768.jpeg 1024w, https:\/\/www.sspo.gob.mx\/wp-content\/uploads\/2023\/09\/WhatsApp-Image-2023-09-20-at-18.40.27-6-300x225.jpeg 300w, https:\/\/www.sspo.gob.mx\/wp-content\/uploads\/2023\/09\/WhatsApp-Image-2023-09-20-at-18.40.27-6-768x576.jpeg 768w, https:\/\/www.sspo.gob.mx\/wp-content\/uploads\/2023\/09\/WhatsApp-Image-2023-09-20-at-18.40.27-6-1536x1152.jpeg 1536w, https:\/\/www.sspo.gob.mx\/wp-content\/uploads\/2023\/09\/WhatsApp-Image-2023-09-20-at-18.40.27-6.jpeg 1600w\" sizes=\"(max-width: 800px) 100vw, 800px\" \/><\/a><\/p>\n<p>-0-<\/p>\n","protected":false},"excerpt":{"rendered":"<p>&#8211; En total calma y con un ambiente de algarab\u00eda, mujeres privadas de libertad realizaron una verbena y convivieron con<\/p>\n","protected":false},"author":2,"featured_media":55179,"comment_status":"closed","ping_status":"closed","sticky":false,"template":"","format":"standard","meta":{"footnotes":""},"categories":[7],"tags":[],"_links":{"self":[{"href":"https:\/\/www.sspo.gob.mx\/index.php?rest_route=\/wp\/v2\/posts\/55175"}],"collection":[{"href":"https:\/\/www.sspo.gob.mx\/index.php?rest_route=\/wp\/v2\/posts"}],"about":[{"href":"https:\/\/www.sspo.gob.mx\/index.php?rest_route=\/wp\/v2\/types\/post"}],"author":[{"embeddable":true,"href":"https:\/\/www.sspo.gob.mx\/index.php?rest_route=\/wp\/v2\/users\/2"}],"replies":[{"embeddable":true,"href":"https:\/\/www.sspo.gob.mx\/index.php?rest_route=%2Fwp%2Fv2%2Fcomments&post=55175"}],"version-history":[{"count":2,"href":"https:\/\/www.sspo.gob.mx\/index.php?rest_route=\/wp\/v2\/posts\/55175\/revisions"}],"predecessor-version":[{"id":55180,"href":"https:\/\/www.sspo.gob.mx\/index.php?rest_route=\/wp\/v2\/posts\/55175\/revisions\/55180"}],"wp:featuredmedia":[{"embeddable":true,"href":"https:\/\/www.sspo.gob.mx\/index.php?rest_route=\/wp\/v2\/media\/55179"}],"wp:attachment":[{"href":"https:\/\/www.sspo.gob.mx\/index.php?rest_route=%2Fwp%2Fv2%2Fmedia&parent=55175"}],"wp:term":[{"taxonomy":"category","embeddable":true,"href":"https:\/\/www.sspo.gob.mx\/index.php?rest_route=%2Fwp%2Fv2%2Fcategories&post=55175"},{"taxonomy":"post_tag","embeddable":true,"href":"https:\/\/www.sspo.gob.mx\/index.php?rest_route=%2Fwp%2Fv2%2Ftags&post=55175"}],"curies":[{"name":"wp","href":"https:\/\/api.w.org\/{rel}","templated":true}]}}