{"id":55511,"date":"2023-11-08T19:39:32","date_gmt":"2023-11-09T01:39:32","guid":{"rendered":"https:\/\/sspo.gob.mx\/?p=55511"},"modified":"2023-11-08T19:39:32","modified_gmt":"2023-11-09T01:39:32","slug":"firma-sspc-convenio-con-el-ieea-a-favor-de-la-educacion-de-las-ppl","status":"publish","type":"post","link":"https:\/\/www.sspo.gob.mx\/?p=55511","title":{"rendered":"FIRMA SSPC CONVENIO CON EL IEEA A FAVOR DE LA EDUCACI\u00d3N DE LAS PPL"},"content":{"rendered":"<ul class=\"ul1\">\n<li class=\"li1\"><span class=\"s2\">El objetivo es abatir el analfabetismo y reducir el rezago educativo de las Personas Privadas de su Libertad (PPL) en centros penitenciarios de Oaxaca, as\u00ed como de preliberados, liberados, externados y sus familiares.<\/span><\/li>\n<\/ul>\n<p class=\"p1\"><span class=\"s2\">Oaxaca de Ju\u00e1rez, Oax., 8 de octubre de 2023.-La Secretar\u00eda de Seguridad y Protecci\u00f3n Ciudadana (SSPC) firm\u00f3 un convenio de colaboraci\u00f3n con el Instituto Estatal de Educaci\u00f3n para Adultos (IEEA) con el objetivo de abatir el analfabetismo y reducir el rezago educativo de las Personas Privadas de su Libertad (PPL) en centros penitenciarios de Oaxaca, as\u00ed como de preliberados, liberados, externados y sus familiares.<\/span><\/p>\n<p class=\"p1\"><span class=\"s2\">En el acto realizado en las instalaciones del Centro de Control, Comando y Comunicaci\u00f3n de Oaxaca (C4), el titular de la SSPC Iv\u00e1n Garc\u00eda \u00c1lvarez reconoci\u00f3 la disponibilidad, esfuerzo y decisi\u00f3n del Director General del IEEA Reynaldo Maga\u00f1a Garc\u00eda, para coadyuvar con el sistema penitenciario del estado y lograr una efectiva reinserci\u00f3n social a favor de las PPL.<\/span><\/p>\n<p>&nbsp;<\/p>\n<p style=\"text-align: left;\"><a href=\"https:\/\/sspo.gob.mx\/wp-content\/uploads\/2023\/11\/21612b4e-e38b-4fa4-9614-1128356021f0.jpeg\"><img loading=\"lazy\" decoding=\"async\" class=\"aligncenter size-large wp-image-55513\" src=\"https:\/\/sspo.gob.mx\/wp-content\/uploads\/2023\/11\/21612b4e-e38b-4fa4-9614-1128356021f0-1024x682.jpeg\" alt=\"\" width=\"800\" height=\"533\" srcset=\"https:\/\/www.sspo.gob.mx\/wp-content\/uploads\/2023\/11\/21612b4e-e38b-4fa4-9614-1128356021f0-1024x682.jpeg 1024w, https:\/\/www.sspo.gob.mx\/wp-content\/uploads\/2023\/11\/21612b4e-e38b-4fa4-9614-1128356021f0-300x200.jpeg 300w, https:\/\/www.sspo.gob.mx\/wp-content\/uploads\/2023\/11\/21612b4e-e38b-4fa4-9614-1128356021f0-768x512.jpeg 768w, https:\/\/www.sspo.gob.mx\/wp-content\/uploads\/2023\/11\/21612b4e-e38b-4fa4-9614-1128356021f0.jpeg 1280w\" sizes=\"(max-width: 800px) 100vw, 800px\" \/><\/a><\/p>\n<p class=\"p1\"><span class=\"s2\">Asimismo, se\u00f1al\u00f3 que tanto a nivel internacional como en la legislaci\u00f3n que opera en M\u00e9xico, la reinserci\u00f3n social se basa en el trabajo, la cultura, la salud, el deporte, los derechos humanos y, de manera importante, se considera que la educaci\u00f3n resulta ser un eje rector que tiende a fortalecer la formaci\u00f3n de las PPL.<\/span><\/p>\n<p class=\"p1\"><span class=\"s2\">En este sentido, el acceso a la educaci\u00f3n para las PPL trae consigo la toma de conciencia de los derechos que tienen como personas, transforma su proyecto de vida, por tanto, es factible afirmar que la persona no ser\u00e1 proclive a cometer futuros actos delictivos, apunt\u00f3.<\/span><\/p>\n<p><a href=\"https:\/\/sspo.gob.mx\/wp-content\/uploads\/2023\/11\/47ceabae-36c9-4031-bfc5-7a9b82a75d48.jpeg\"><img loading=\"lazy\" decoding=\"async\" class=\"aligncenter size-large wp-image-55514\" src=\"https:\/\/sspo.gob.mx\/wp-content\/uploads\/2023\/11\/47ceabae-36c9-4031-bfc5-7a9b82a75d48-1024x682.jpeg\" alt=\"\" width=\"800\" height=\"533\" srcset=\"https:\/\/www.sspo.gob.mx\/wp-content\/uploads\/2023\/11\/47ceabae-36c9-4031-bfc5-7a9b82a75d48-1024x682.jpeg 1024w, https:\/\/www.sspo.gob.mx\/wp-content\/uploads\/2023\/11\/47ceabae-36c9-4031-bfc5-7a9b82a75d48-300x200.jpeg 300w, https:\/\/www.sspo.gob.mx\/wp-content\/uploads\/2023\/11\/47ceabae-36c9-4031-bfc5-7a9b82a75d48-768x512.jpeg 768w, https:\/\/www.sspo.gob.mx\/wp-content\/uploads\/2023\/11\/47ceabae-36c9-4031-bfc5-7a9b82a75d48.jpeg 1280w\" sizes=\"(max-width: 800px) 100vw, 800px\" \/><\/a><\/p>\n<p class=\"p1\"><span class=\"s2\">Dijo que este tipo de colaboraci\u00f3n interinstitucional constituye una herramienta esencial para que las PPL puedan alcanzar sus metas, ya que la educaci\u00f3n influye directamente en el avance y progreso de personas y sociedades, enriquece la cultura, el esp\u00edritu, los valores y todo aquello que nos caracteriza como seres humanos que conviven en sociedad.<\/span><\/p>\n<p class=\"p1\"><span class=\"s2\">Al acto tambi\u00e9n asistieron el Subsecretario de Prevenci\u00f3n y Reinserci\u00f3n Social, Roberto Claudio Castillo Ram\u00edrez, quien particip\u00f3 en la firma del convenio, adem\u00e1s del Director General de Reinserci\u00f3n Social de la SSPC, Adolfo Pedro Fuentes Kim; el Titular del Patronato de Ayuda para la Reinserci\u00f3n Social, Javier Trujillo D\u00edaz y el Jefe del Departamento Jur\u00eddico de IEEA, David Garc\u00eda \u00c1ngel.<\/span><\/p>\n<p class=\"p1\"><span class=\"s2\">-0-<\/span><\/p>\n<p><a href=\"https:\/\/sspo.gob.mx\/wp-content\/uploads\/2023\/11\/54f604bc-b516-402a-99d0-42217eff290e.jpeg\"><img loading=\"lazy\" decoding=\"async\" class=\"aligncenter size-large wp-image-55512\" src=\"https:\/\/sspo.gob.mx\/wp-content\/uploads\/2023\/11\/54f604bc-b516-402a-99d0-42217eff290e-1024x682.jpeg\" alt=\"\" width=\"800\" height=\"533\" srcset=\"https:\/\/www.sspo.gob.mx\/wp-content\/uploads\/2023\/11\/54f604bc-b516-402a-99d0-42217eff290e-1024x682.jpeg 1024w, https:\/\/www.sspo.gob.mx\/wp-content\/uploads\/2023\/11\/54f604bc-b516-402a-99d0-42217eff290e-300x200.jpeg 300w, https:\/\/www.sspo.gob.mx\/wp-content\/uploads\/2023\/11\/54f604bc-b516-402a-99d0-42217eff290e-768x512.jpeg 768w, https:\/\/www.sspo.gob.mx\/wp-content\/uploads\/2023\/11\/54f604bc-b516-402a-99d0-42217eff290e.jpeg 1280w\" sizes=\"(max-width: 800px) 100vw, 800px\" \/><\/a><\/p>\n","protected":false},"excerpt":{"rendered":"<p>El objetivo es abatir el analfabetismo y reducir el rezago educativo de las Personas Privadas de su Libertad (PPL) en<\/p>\n","protected":false},"author":2,"featured_media":55515,"comment_status":"closed","ping_status":"closed","sticky":false,"template":"","format":"standard","meta":{"footnotes":""},"categories":[1],"tags":[],"_links":{"self":[{"href":"https:\/\/www.sspo.gob.mx\/index.php?rest_route=\/wp\/v2\/posts\/55511"}],"collection":[{"href":"https:\/\/www.sspo.gob.mx\/index.php?rest_route=\/wp\/v2\/posts"}],"about":[{"href":"https:\/\/www.sspo.gob.mx\/index.php?rest_route=\/wp\/v2\/types\/post"}],"author":[{"embeddable":true,"href":"https:\/\/www.sspo.gob.mx\/index.php?rest_route=\/wp\/v2\/users\/2"}],"replies":[{"embeddable":true,"href":"https:\/\/www.sspo.gob.mx\/index.php?rest_route=%2Fwp%2Fv2%2Fcomments&post=55511"}],"version-history":[{"count":1,"href":"https:\/\/www.sspo.gob.mx\/index.php?rest_route=\/wp\/v2\/posts\/55511\/revisions"}],"predecessor-version":[{"id":55516,"href":"https:\/\/www.sspo.gob.mx\/index.php?rest_route=\/wp\/v2\/posts\/55511\/revisions\/55516"}],"wp:featuredmedia":[{"embeddable":true,"href":"https:\/\/www.sspo.gob.mx\/index.php?rest_route=\/wp\/v2\/media\/55515"}],"wp:attachment":[{"href":"https:\/\/www.sspo.gob.mx\/index.php?rest_route=%2Fwp%2Fv2%2Fmedia&parent=55511"}],"wp:term":[{"taxonomy":"category","embeddable":true,"href":"https:\/\/www.sspo.gob.mx\/index.php?rest_route=%2Fwp%2Fv2%2Fcategories&post=55511"},{"taxonomy":"post_tag","embeddable":true,"href":"https:\/\/www.sspo.gob.mx\/index.php?rest_route=%2Fwp%2Fv2%2Ftags&post=55511"}],"curies":[{"name":"wp","href":"https:\/\/api.w.org\/{rel}","templated":true}]}}