{"id":55540,"date":"2023-11-18T19:40:26","date_gmt":"2023-11-19T01:40:26","guid":{"rendered":"https:\/\/sspo.gob.mx\/?p=55540"},"modified":"2023-11-18T19:40:37","modified_gmt":"2023-11-19T01:40:37","slug":"participa-sspc-en-ix-congreso-internacional-derechos-humanos-trabajo-social-en-salud-y-peritaje-social","status":"publish","type":"post","link":"https:\/\/www.sspo.gob.mx\/?p=55540","title":{"rendered":"PARTICIPA SSPC EN IX CONGRESO INTERNACIONAL &#8220;DERECHOS HUMANOS, TRABAJO SOCIAL EN SALUD Y PERITAJE SOCIAL&#8221;"},"content":{"rendered":"<p>&#8211; Asisti\u00f3 el Subsecretario de Prevenci\u00f3n y Reinserci\u00f3n Social, Roberto Claudio Castillo Ram\u00edrez.<\/p>\n<p>Oaxaca de Ju\u00e1rez, Oax., 18 de noviembre de 2023.- Organizado por la Red de Investigaci\u00f3n y Estudios Avanzados en Trabajo Social (RIEATS) A.C. y el Instituto de Ciencias de la Educaci\u00f3n de la Universidad Aut\u00f3noma Benito Ju\u00e1rez de Oaxaca (UABO); en la Ciudad Capital se llev\u00f3 a cabo el IX Congreso Internacional &#8220;Derechos Humanos, Trabajo Social en Salud y Peritaje Social&#8221; al que la Secretar\u00eda de Seguridad y Protecci\u00f3n Ciudadana (SSPC) asisti\u00f3 como invitada especial.<\/p>\n<p>Con la representaci\u00f3n institucional, el Subsecretario de Prevenci\u00f3n y Reinserci\u00f3n Social, Roberto Claudio Castillo Ram\u00edrez acudi\u00f3 al Auditorio del Instituto de Ciencias de la Educaci\u00f3n de la UABJO; destacando en su intervenci\u00f3n las acciones que lleva a cabo la SSPC para garantizar en todos sus procesos, programas y procedimientos, el estricto apego a los derechos humanos de las Personas Privadas de la Libertad (PPL).<\/p>\n<p><a href=\"https:\/\/sspo.gob.mx\/wp-content\/uploads\/2023\/11\/WhatsApp-Image-2023-11-18-at-7.27.31-PM-1.jpeg\"><img loading=\"lazy\" decoding=\"async\" class=\"aligncenter size-large wp-image-55541\" src=\"https:\/\/sspo.gob.mx\/wp-content\/uploads\/2023\/11\/WhatsApp-Image-2023-11-18-at-7.27.31-PM-1-1024x490.jpeg\" alt=\"\" width=\"800\" height=\"383\" srcset=\"https:\/\/www.sspo.gob.mx\/wp-content\/uploads\/2023\/11\/WhatsApp-Image-2023-11-18-at-7.27.31-PM-1-1024x490.jpeg 1024w, https:\/\/www.sspo.gob.mx\/wp-content\/uploads\/2023\/11\/WhatsApp-Image-2023-11-18-at-7.27.31-PM-1-300x143.jpeg 300w, https:\/\/www.sspo.gob.mx\/wp-content\/uploads\/2023\/11\/WhatsApp-Image-2023-11-18-at-7.27.31-PM-1-768x367.jpeg 768w, https:\/\/www.sspo.gob.mx\/wp-content\/uploads\/2023\/11\/WhatsApp-Image-2023-11-18-at-7.27.31-PM-1.jpeg 1280w\" sizes=\"(max-width: 800px) 100vw, 800px\" \/><\/a><\/p>\n<p>Ponder\u00f3 la instrucci\u00f3n del Gobernador del Estado, Salom\u00f3n Jara Cruz de priorizar la reinserci\u00f3n social efectiva de las mujeres y hombres que integran la poblaci\u00f3n penitenciaria, mediante el apoyo y la colaboraci\u00f3n transversal entre \u00f3rdenes de gobierno y la sociedad organizada.<\/p>\n<p>Es el caso del Modelo Integral de Reinserci\u00f3n Social, mediante el que la dependencia impulsa la Salud, Educaci\u00f3n, Trabajo, Capacitaci\u00f3n y Deporte, como principales gu\u00edas de transformaci\u00f3n de las PPL para su sana convivencia y posterior retorno a la sociedad.<\/p>\n<p><a href=\"https:\/\/sspo.gob.mx\/wp-content\/uploads\/2023\/11\/WhatsApp-Image-2023-11-18-at-7.27.31-PM-3.jpeg\"><img loading=\"lazy\" decoding=\"async\" class=\"aligncenter size-large wp-image-55542\" src=\"https:\/\/sspo.gob.mx\/wp-content\/uploads\/2023\/11\/WhatsApp-Image-2023-11-18-at-7.27.31-PM-3-1024x510.jpeg\" alt=\"\" width=\"800\" height=\"398\" srcset=\"https:\/\/www.sspo.gob.mx\/wp-content\/uploads\/2023\/11\/WhatsApp-Image-2023-11-18-at-7.27.31-PM-3-1024x510.jpeg 1024w, https:\/\/www.sspo.gob.mx\/wp-content\/uploads\/2023\/11\/WhatsApp-Image-2023-11-18-at-7.27.31-PM-3-300x149.jpeg 300w, https:\/\/www.sspo.gob.mx\/wp-content\/uploads\/2023\/11\/WhatsApp-Image-2023-11-18-at-7.27.31-PM-3-768x382.jpeg 768w, https:\/\/www.sspo.gob.mx\/wp-content\/uploads\/2023\/11\/WhatsApp-Image-2023-11-18-at-7.27.31-PM-3.jpeg 1439w\" sizes=\"(max-width: 800px) 100vw, 800px\" \/><\/a><\/p>\n<p>Cabe destacar que las conferencias magistrales, conversatorios, mesas de debate y presentaci\u00f3n de libros, con motivo de este encuentro de especialistas se llev\u00f3 a cabo en modalidad presencial y a distancia durante el 16 y 17 de noviembre.<\/p>\n<p>La SSPC continuar\u00e1 colaborando en este tipo de ejercicios encaminados a fortalecer las acciones de inter\u00e9s compartido para el beneficio de la sociedad oaxaque\u00f1a.<a href=\"https:\/\/sspo.gob.mx\/wp-content\/uploads\/2023\/11\/WhatsApp-Image-2023-11-18-at-7.27.32-PM.jpeg\"><img loading=\"lazy\" decoding=\"async\" class=\"aligncenter size-full wp-image-55544\" src=\"https:\/\/sspo.gob.mx\/wp-content\/uploads\/2023\/11\/WhatsApp-Image-2023-11-18-at-7.27.32-PM.jpeg\" alt=\"\" width=\"1024\" height=\"768\" srcset=\"https:\/\/www.sspo.gob.mx\/wp-content\/uploads\/2023\/11\/WhatsApp-Image-2023-11-18-at-7.27.32-PM.jpeg 1024w, https:\/\/www.sspo.gob.mx\/wp-content\/uploads\/2023\/11\/WhatsApp-Image-2023-11-18-at-7.27.32-PM-300x225.jpeg 300w, https:\/\/www.sspo.gob.mx\/wp-content\/uploads\/2023\/11\/WhatsApp-Image-2023-11-18-at-7.27.32-PM-768x576.jpeg 768w\" sizes=\"(max-width: 1024px) 100vw, 1024px\" \/><\/a><\/p>\n<p><a href=\"https:\/\/sspo.gob.mx\/wp-content\/uploads\/2023\/11\/WhatsApp-Image-2023-11-18-at-7.27.31-PM.jpeg\"><img loading=\"lazy\" decoding=\"async\" class=\"aligncenter size-large wp-image-55543\" src=\"https:\/\/sspo.gob.mx\/wp-content\/uploads\/2023\/11\/WhatsApp-Image-2023-11-18-at-7.27.31-PM-1024x683.jpeg\" alt=\"\" width=\"800\" height=\"534\" srcset=\"https:\/\/www.sspo.gob.mx\/wp-content\/uploads\/2023\/11\/WhatsApp-Image-2023-11-18-at-7.27.31-PM-1024x683.jpeg 1024w, https:\/\/www.sspo.gob.mx\/wp-content\/uploads\/2023\/11\/WhatsApp-Image-2023-11-18-at-7.27.31-PM-300x200.jpeg 300w, https:\/\/www.sspo.gob.mx\/wp-content\/uploads\/2023\/11\/WhatsApp-Image-2023-11-18-at-7.27.31-PM-768x512.jpeg 768w, https:\/\/www.sspo.gob.mx\/wp-content\/uploads\/2023\/11\/WhatsApp-Image-2023-11-18-at-7.27.31-PM-1536x1024.jpeg 1536w, https:\/\/www.sspo.gob.mx\/wp-content\/uploads\/2023\/11\/WhatsApp-Image-2023-11-18-at-7.27.31-PM.jpeg 1600w\" sizes=\"(max-width: 800px) 100vw, 800px\" \/><\/a><\/p>\n<p>-0-<\/p>\n","protected":false},"excerpt":{"rendered":"<p>&#8211; Asisti\u00f3 el Subsecretario de Prevenci\u00f3n y Reinserci\u00f3n Social, Roberto Claudio Castillo Ram\u00edrez. Oaxaca de Ju\u00e1rez, Oax., 18 de noviembre<\/p>\n","protected":false},"author":2,"featured_media":55545,"comment_status":"closed","ping_status":"closed","sticky":false,"template":"","format":"standard","meta":{"footnotes":""},"categories":[7],"tags":[],"_links":{"self":[{"href":"https:\/\/www.sspo.gob.mx\/index.php?rest_route=\/wp\/v2\/posts\/55540"}],"collection":[{"href":"https:\/\/www.sspo.gob.mx\/index.php?rest_route=\/wp\/v2\/posts"}],"about":[{"href":"https:\/\/www.sspo.gob.mx\/index.php?rest_route=\/wp\/v2\/types\/post"}],"author":[{"embeddable":true,"href":"https:\/\/www.sspo.gob.mx\/index.php?rest_route=\/wp\/v2\/users\/2"}],"replies":[{"embeddable":true,"href":"https:\/\/www.sspo.gob.mx\/index.php?rest_route=%2Fwp%2Fv2%2Fcomments&post=55540"}],"version-history":[{"count":1,"href":"https:\/\/www.sspo.gob.mx\/index.php?rest_route=\/wp\/v2\/posts\/55540\/revisions"}],"predecessor-version":[{"id":55546,"href":"https:\/\/www.sspo.gob.mx\/index.php?rest_route=\/wp\/v2\/posts\/55540\/revisions\/55546"}],"wp:featuredmedia":[{"embeddable":true,"href":"https:\/\/www.sspo.gob.mx\/index.php?rest_route=\/wp\/v2\/media\/55545"}],"wp:attachment":[{"href":"https:\/\/www.sspo.gob.mx\/index.php?rest_route=%2Fwp%2Fv2%2Fmedia&parent=55540"}],"wp:term":[{"taxonomy":"category","embeddable":true,"href":"https:\/\/www.sspo.gob.mx\/index.php?rest_route=%2Fwp%2Fv2%2Fcategories&post=55540"},{"taxonomy":"post_tag","embeddable":true,"href":"https:\/\/www.sspo.gob.mx\/index.php?rest_route=%2Fwp%2Fv2%2Ftags&post=55540"}],"curies":[{"name":"wp","href":"https:\/\/api.w.org\/{rel}","templated":true}]}}