{"id":55554,"date":"2023-11-23T13:17:52","date_gmt":"2023-11-23T19:17:52","guid":{"rendered":"https:\/\/sspo.gob.mx\/?p=55554"},"modified":"2023-11-23T13:17:52","modified_gmt":"2023-11-23T19:17:52","slug":"realiza-sspc-octava-audiencia-penitenciaria-en-tanivet-varonil","status":"publish","type":"post","link":"https:\/\/www.sspo.gob.mx\/?p=55554","title":{"rendered":"REALIZA SSPC OCTAVA AUDIENCIA PENITENCIARIA EN TANIVET VARONIL"},"content":{"rendered":"<p>-Estos ejercicios ser\u00e1n realizados de manera permanente e itinerante en los 10 Centros Penitenciarios de la entidad.<\/p>\n<p><a href=\"https:\/\/sspo.gob.mx\/wp-content\/uploads\/2023\/11\/WhatsApp-Image-2023-11-23-at-1.09.29-PM.jpeg\"><img loading=\"lazy\" decoding=\"async\" class=\"aligncenter size-large wp-image-55557\" src=\"https:\/\/sspo.gob.mx\/wp-content\/uploads\/2023\/11\/WhatsApp-Image-2023-11-23-at-1.09.29-PM-1024x633.jpeg\" alt=\"\" width=\"800\" height=\"495\" srcset=\"https:\/\/www.sspo.gob.mx\/wp-content\/uploads\/2023\/11\/WhatsApp-Image-2023-11-23-at-1.09.29-PM-1024x633.jpeg 1024w, https:\/\/www.sspo.gob.mx\/wp-content\/uploads\/2023\/11\/WhatsApp-Image-2023-11-23-at-1.09.29-PM-300x185.jpeg 300w, https:\/\/www.sspo.gob.mx\/wp-content\/uploads\/2023\/11\/WhatsApp-Image-2023-11-23-at-1.09.29-PM-768x475.jpeg 768w, https:\/\/www.sspo.gob.mx\/wp-content\/uploads\/2023\/11\/WhatsApp-Image-2023-11-23-at-1.09.29-PM-1536x949.jpeg 1536w, https:\/\/www.sspo.gob.mx\/wp-content\/uploads\/2023\/11\/WhatsApp-Image-2023-11-23-at-1.09.29-PM.jpeg 1600w\" sizes=\"(max-width: 800px) 100vw, 800px\" \/><\/a><\/p>\n<p>&nbsp;<\/p>\n<p>Oaxaca de Ju\u00e1rez, Oax., 23 de noviembre de 2023.- La Secretar\u00eda de Seguridad y Protecci\u00f3n Ciudadana (SSPC) del Gobierno de Oaxaca lleva a cabo Audiencias Penitenciarias con el objetivo de fortalecer los derechos fundamentales de las Personas Privadas de Libertad (PPL); ejercicio que, en su octava edici\u00f3n, benefici\u00f3 a varones del Centro Penitenciario de Tanivet que tuvieron acceso a servicios jur\u00eddicos para la agilizaci\u00f3n de sus procesos mediante la colaboraci\u00f3n transversal de diferentes instituciones participantes.<\/p>\n<p>A trav\u00e9s de la Subsecretar\u00eda de Prevenci\u00f3n y Reinserci\u00f3n Social se instalaron mesas de atenci\u00f3n con representantes de la Fiscal\u00eda Especializada en Justicia para Adolescentes, Defensor\u00eda de los Derechos Humanos del Pueblo de Oaxaca, Direcci\u00f3n de Atenci\u00f3n Ciudadana del Gobierno del Estado, Tribunal Superior de Justicia del Estado, Consejo de la Judicatura, Instituto Federal de Defensor\u00eda P\u00fablica y la Secretar\u00eda de Gobierno; organismos que brindan apoyo y asesoramiento.<\/p>\n<p><a href=\"https:\/\/sspo.gob.mx\/wp-content\/uploads\/2023\/11\/WhatsApp-Image-2023-11-23-at-1.09.29-PM-6.jpeg\"><img loading=\"lazy\" decoding=\"async\" class=\"aligncenter size-large wp-image-55555\" src=\"https:\/\/sspo.gob.mx\/wp-content\/uploads\/2023\/11\/WhatsApp-Image-2023-11-23-at-1.09.29-PM-6-1024x718.jpeg\" alt=\"\" width=\"800\" height=\"561\" srcset=\"https:\/\/www.sspo.gob.mx\/wp-content\/uploads\/2023\/11\/WhatsApp-Image-2023-11-23-at-1.09.29-PM-6-1024x718.jpeg 1024w, https:\/\/www.sspo.gob.mx\/wp-content\/uploads\/2023\/11\/WhatsApp-Image-2023-11-23-at-1.09.29-PM-6-300x210.jpeg 300w, https:\/\/www.sspo.gob.mx\/wp-content\/uploads\/2023\/11\/WhatsApp-Image-2023-11-23-at-1.09.29-PM-6-768x539.jpeg 768w, https:\/\/www.sspo.gob.mx\/wp-content\/uploads\/2023\/11\/WhatsApp-Image-2023-11-23-at-1.09.29-PM-6-1536x1077.jpeg 1536w, https:\/\/www.sspo.gob.mx\/wp-content\/uploads\/2023\/11\/WhatsApp-Image-2023-11-23-at-1.09.29-PM-6-130x90.jpeg 130w, https:\/\/www.sspo.gob.mx\/wp-content\/uploads\/2023\/11\/WhatsApp-Image-2023-11-23-at-1.09.29-PM-6.jpeg 1600w\" sizes=\"(max-width: 800px) 100vw, 800px\" \/><\/a><\/p>\n<p>De esta manera, se vigila y procura que las condiciones de internamiento mejoren de manera progresiva, favoreciendo que los servicios que se brindan sean accesibles todos los d\u00edas y est\u00e9n disponibles cuando se requieran. Aunado al involucramiento de las PPL en actividades positivas durante su internamiento a trav\u00e9s de talleres y acciones que los reintegren a una vida digna, libre de delitos y violencia; generando las condiciones necesarias para una efectiva reinserci\u00f3n en la sociedad.<\/p>\n<p>En tal sentido, las audiencias ser\u00e1n realizadas de manera permanente e itinerante en los 10 Centros Penitenciarios de la entidad, donde las y los representantes de las diferentes dependencias, atender\u00e1n y escuchar\u00e1n sus peticiones para analizarlas y brindarles apoyo jur\u00eddico.<\/p>\n<p>Con estas acciones, la SSPC al mando del Capit\u00e1n Iv\u00e1n Garc\u00eda \u00c1lvarez; atiende la instrucci\u00f3n del Gobernador Salom\u00f3n Jara Cruz, de privilegiar el respeto a los derechos y necesidades de la poblaci\u00f3n penitenciaria.<\/p>\n<p><a href=\"https:\/\/sspo.gob.mx\/wp-content\/uploads\/2023\/11\/WhatsApp-Image-2023-11-23-at-1.09.29-PM-2.jpeg\"><img loading=\"lazy\" decoding=\"async\" class=\"aligncenter size-large wp-image-55556\" src=\"https:\/\/sspo.gob.mx\/wp-content\/uploads\/2023\/11\/WhatsApp-Image-2023-11-23-at-1.09.29-PM-2-1024x419.jpeg\" alt=\"\" width=\"800\" height=\"327\" srcset=\"https:\/\/www.sspo.gob.mx\/wp-content\/uploads\/2023\/11\/WhatsApp-Image-2023-11-23-at-1.09.29-PM-2-1024x419.jpeg 1024w, https:\/\/www.sspo.gob.mx\/wp-content\/uploads\/2023\/11\/WhatsApp-Image-2023-11-23-at-1.09.29-PM-2-300x123.jpeg 300w, https:\/\/www.sspo.gob.mx\/wp-content\/uploads\/2023\/11\/WhatsApp-Image-2023-11-23-at-1.09.29-PM-2-768x314.jpeg 768w, https:\/\/www.sspo.gob.mx\/wp-content\/uploads\/2023\/11\/WhatsApp-Image-2023-11-23-at-1.09.29-PM-2-1536x628.jpeg 1536w, https:\/\/www.sspo.gob.mx\/wp-content\/uploads\/2023\/11\/WhatsApp-Image-2023-11-23-at-1.09.29-PM-2.jpeg 1600w\" sizes=\"(max-width: 800px) 100vw, 800px\" \/><\/a><\/p>\n<p>-0-<\/p>\n","protected":false},"excerpt":{"rendered":"<p>-Estos ejercicios ser\u00e1n realizados de manera permanente e itinerante en los 10 Centros Penitenciarios de la entidad. &nbsp; Oaxaca de<\/p>\n","protected":false},"author":2,"featured_media":55558,"comment_status":"closed","ping_status":"closed","sticky":false,"template":"","format":"standard","meta":{"footnotes":""},"categories":[7],"tags":[],"_links":{"self":[{"href":"https:\/\/www.sspo.gob.mx\/index.php?rest_route=\/wp\/v2\/posts\/55554"}],"collection":[{"href":"https:\/\/www.sspo.gob.mx\/index.php?rest_route=\/wp\/v2\/posts"}],"about":[{"href":"https:\/\/www.sspo.gob.mx\/index.php?rest_route=\/wp\/v2\/types\/post"}],"author":[{"embeddable":true,"href":"https:\/\/www.sspo.gob.mx\/index.php?rest_route=\/wp\/v2\/users\/2"}],"replies":[{"embeddable":true,"href":"https:\/\/www.sspo.gob.mx\/index.php?rest_route=%2Fwp%2Fv2%2Fcomments&post=55554"}],"version-history":[{"count":1,"href":"https:\/\/www.sspo.gob.mx\/index.php?rest_route=\/wp\/v2\/posts\/55554\/revisions"}],"predecessor-version":[{"id":55559,"href":"https:\/\/www.sspo.gob.mx\/index.php?rest_route=\/wp\/v2\/posts\/55554\/revisions\/55559"}],"wp:featuredmedia":[{"embeddable":true,"href":"https:\/\/www.sspo.gob.mx\/index.php?rest_route=\/wp\/v2\/media\/55558"}],"wp:attachment":[{"href":"https:\/\/www.sspo.gob.mx\/index.php?rest_route=%2Fwp%2Fv2%2Fmedia&parent=55554"}],"wp:term":[{"taxonomy":"category","embeddable":true,"href":"https:\/\/www.sspo.gob.mx\/index.php?rest_route=%2Fwp%2Fv2%2Fcategories&post=55554"},{"taxonomy":"post_tag","embeddable":true,"href":"https:\/\/www.sspo.gob.mx\/index.php?rest_route=%2Fwp%2Fv2%2Ftags&post=55554"}],"curies":[{"name":"wp","href":"https:\/\/api.w.org\/{rel}","templated":true}]}}