{"id":55565,"date":"2023-11-24T20:32:51","date_gmt":"2023-11-25T02:32:51","guid":{"rendered":"https:\/\/sspo.gob.mx\/?p=55565"},"modified":"2023-11-24T20:32:51","modified_gmt":"2023-11-25T02:32:51","slug":"garantiza-sspc-el-respeto-a-la-libre-manifestacion-durante-el-dia-internacional-de-la-eliminacion-de-la-violencia-contra-la-mujer","status":"publish","type":"post","link":"https:\/\/www.sspo.gob.mx\/?p=55565","title":{"rendered":"GARANTIZA SSPC EL RESPETO A LA LIBRE MANIFESTACI\u00d3N DURANTE EL D\u00cdA INTERNACIONAL DE LA ELIMINACI\u00d3N DE LA VIOLENCIA CONTRA LA MUJER"},"content":{"rendered":"<p>&#8211; El encargado de la seguridad en Oaxaca, Capit\u00e1n Iv\u00e1n Garc\u00eda \u00c1lvarez particip\u00f3 en la XXIX Asamblea Plenaria de la Conferencia Nacional de Secretarias y Secretarios de Seguridad P\u00fablica, realizada en Tamaulipas.<\/p>\n<p>Oaxaca de Ju\u00e1rez, Oax., 24 de noviembre de 2023.- El secretario de Seguridad y Protecci\u00f3n Ciudadana de Oaxaca, Capit\u00e1n Iv\u00e1n Garc\u00eda \u00c1lvarez particip\u00f3 en la XXIX Asamblea Plenaria de la Conferencia Nacional de Secretarias y Secretarios de Seguridad P\u00fablica, realizada en Tamaulipas.<\/p>\n<p>Durante el evento, la secretaria de Seguridad y Protecci\u00f3n Ciudadana del Gobierno de M\u00e9xico, Rosa Icela Rodr\u00edguez enumer\u00f3 el Dec\u00e1logo por la Libertad y la Paz en la Protesta Social, en el marco del D\u00eda Internacional de la Eliminaci\u00f3n de la Violencia contra la Mujer a celebrarse el pr\u00f3ximo s\u00e1bado 25 de noviembre.<\/p>\n<p><a href=\"https:\/\/sspo.gob.mx\/wp-content\/uploads\/2023\/11\/WhatsApp-Image-2023-11-24-at-8.29.05-PM-1.jpeg\"><img loading=\"lazy\" decoding=\"async\" class=\"aligncenter size-large wp-image-55566\" src=\"https:\/\/sspo.gob.mx\/wp-content\/uploads\/2023\/11\/WhatsApp-Image-2023-11-24-at-8.29.05-PM-1-1024x768.jpeg\" alt=\"\" width=\"800\" height=\"600\" srcset=\"https:\/\/www.sspo.gob.mx\/wp-content\/uploads\/2023\/11\/WhatsApp-Image-2023-11-24-at-8.29.05-PM-1-1024x768.jpeg 1024w, https:\/\/www.sspo.gob.mx\/wp-content\/uploads\/2023\/11\/WhatsApp-Image-2023-11-24-at-8.29.05-PM-1-300x225.jpeg 300w, https:\/\/www.sspo.gob.mx\/wp-content\/uploads\/2023\/11\/WhatsApp-Image-2023-11-24-at-8.29.05-PM-1-768x576.jpeg 768w, https:\/\/www.sspo.gob.mx\/wp-content\/uploads\/2023\/11\/WhatsApp-Image-2023-11-24-at-8.29.05-PM-1-1536x1152.jpeg 1536w, https:\/\/www.sspo.gob.mx\/wp-content\/uploads\/2023\/11\/WhatsApp-Image-2023-11-24-at-8.29.05-PM-1.jpeg 1600w\" sizes=\"(max-width: 800px) 100vw, 800px\" \/><\/a><\/p>\n<p>En este sentido, Garc\u00eda \u00c1lvarez refrend\u00f3 su compromiso por garantizar la seguridad de quienes participar\u00e1n en las actividades para conmemorar tan simb\u00f3lica fecha en Oaxaca, apegado a los principios de libertad, di\u00e1logo, respeto, orden y seguridad enmarcados en la pol\u00edtica del Gobierno Federal.<\/p>\n<p>Asimismo, las acciones de salvaguarda implementadas para esa fecha, garantizar\u00e1n el respeto a la protesta social, adem\u00e1s de prescindir del uso de la fuerza p\u00fablica para reprimir, agredir o afectar de cualquier manera a las personas que expresen sus ideas de forma pac\u00edfica.<\/p>\n<p>El titular de la SSPC en Oaxaca, se sum\u00f3 al llamado de la secretaria Rosa Icela Rodr\u00edguez de priorizar las acciones de prevenci\u00f3n y el di\u00e1logo para evitar las confrontaciones entre manifestantes y terceros, como parte del Dec\u00e1logo por la Libertad y la Paz en la Protesta Social.<\/p>\n<p>En la plenaria estuvieron presentes el Gobernador de Tamaulipas, Am\u00e9rico Villareal; el subsecretario de Seguridad P\u00fablica federal, Luis Rodr\u00edguez Bucio y la presidenta del Instituto Nacional de las Mujeres (Inmujeres), Nadine Gasman.<\/p>\n<p><a href=\"https:\/\/sspo.gob.mx\/wp-content\/uploads\/2023\/11\/WhatsApp-Image-2023-11-24-at-8.29.04-PM.jpeg\"><img loading=\"lazy\" decoding=\"async\" class=\"aligncenter size-large wp-image-55567\" src=\"https:\/\/sspo.gob.mx\/wp-content\/uploads\/2023\/11\/WhatsApp-Image-2023-11-24-at-8.29.04-PM-1024x768.jpeg\" alt=\"\" width=\"800\" height=\"600\" srcset=\"https:\/\/www.sspo.gob.mx\/wp-content\/uploads\/2023\/11\/WhatsApp-Image-2023-11-24-at-8.29.04-PM-1024x768.jpeg 1024w, https:\/\/www.sspo.gob.mx\/wp-content\/uploads\/2023\/11\/WhatsApp-Image-2023-11-24-at-8.29.04-PM-300x225.jpeg 300w, https:\/\/www.sspo.gob.mx\/wp-content\/uploads\/2023\/11\/WhatsApp-Image-2023-11-24-at-8.29.04-PM-768x576.jpeg 768w, https:\/\/www.sspo.gob.mx\/wp-content\/uploads\/2023\/11\/WhatsApp-Image-2023-11-24-at-8.29.04-PM-1536x1153.jpeg 1536w, https:\/\/www.sspo.gob.mx\/wp-content\/uploads\/2023\/11\/WhatsApp-Image-2023-11-24-at-8.29.04-PM.jpeg 1599w\" sizes=\"(max-width: 800px) 100vw, 800px\" \/><\/a><\/p>\n<p><a href=\"https:\/\/sspo.gob.mx\/wp-content\/uploads\/2023\/11\/WhatsApp-Image-2023-11-24-at-8.29.05-PM.jpeg\"><img loading=\"lazy\" decoding=\"async\" class=\"aligncenter size-large wp-image-55568\" src=\"https:\/\/sspo.gob.mx\/wp-content\/uploads\/2023\/11\/WhatsApp-Image-2023-11-24-at-8.29.05-PM-1024x682.jpeg\" alt=\"\" width=\"800\" height=\"533\" srcset=\"https:\/\/www.sspo.gob.mx\/wp-content\/uploads\/2023\/11\/WhatsApp-Image-2023-11-24-at-8.29.05-PM-1024x682.jpeg 1024w, https:\/\/www.sspo.gob.mx\/wp-content\/uploads\/2023\/11\/WhatsApp-Image-2023-11-24-at-8.29.05-PM-300x200.jpeg 300w, https:\/\/www.sspo.gob.mx\/wp-content\/uploads\/2023\/11\/WhatsApp-Image-2023-11-24-at-8.29.05-PM-768x512.jpeg 768w, https:\/\/www.sspo.gob.mx\/wp-content\/uploads\/2023\/11\/WhatsApp-Image-2023-11-24-at-8.29.05-PM-1536x1023.jpeg 1536w, https:\/\/www.sspo.gob.mx\/wp-content\/uploads\/2023\/11\/WhatsApp-Image-2023-11-24-at-8.29.05-PM.jpeg 1600w\" sizes=\"(max-width: 800px) 100vw, 800px\" \/><\/a><\/p>\n<p>-0-<\/p>\n","protected":false},"excerpt":{"rendered":"<p>&#8211; El encargado de la seguridad en Oaxaca, Capit\u00e1n Iv\u00e1n Garc\u00eda \u00c1lvarez particip\u00f3 en la XXIX Asamblea Plenaria de la<\/p>\n","protected":false},"author":2,"featured_media":55569,"comment_status":"closed","ping_status":"closed","sticky":false,"template":"","format":"standard","meta":{"footnotes":""},"categories":[7],"tags":[],"_links":{"self":[{"href":"https:\/\/www.sspo.gob.mx\/index.php?rest_route=\/wp\/v2\/posts\/55565"}],"collection":[{"href":"https:\/\/www.sspo.gob.mx\/index.php?rest_route=\/wp\/v2\/posts"}],"about":[{"href":"https:\/\/www.sspo.gob.mx\/index.php?rest_route=\/wp\/v2\/types\/post"}],"author":[{"embeddable":true,"href":"https:\/\/www.sspo.gob.mx\/index.php?rest_route=\/wp\/v2\/users\/2"}],"replies":[{"embeddable":true,"href":"https:\/\/www.sspo.gob.mx\/index.php?rest_route=%2Fwp%2Fv2%2Fcomments&post=55565"}],"version-history":[{"count":1,"href":"https:\/\/www.sspo.gob.mx\/index.php?rest_route=\/wp\/v2\/posts\/55565\/revisions"}],"predecessor-version":[{"id":55570,"href":"https:\/\/www.sspo.gob.mx\/index.php?rest_route=\/wp\/v2\/posts\/55565\/revisions\/55570"}],"wp:featuredmedia":[{"embeddable":true,"href":"https:\/\/www.sspo.gob.mx\/index.php?rest_route=\/wp\/v2\/media\/55569"}],"wp:attachment":[{"href":"https:\/\/www.sspo.gob.mx\/index.php?rest_route=%2Fwp%2Fv2%2Fmedia&parent=55565"}],"wp:term":[{"taxonomy":"category","embeddable":true,"href":"https:\/\/www.sspo.gob.mx\/index.php?rest_route=%2Fwp%2Fv2%2Fcategories&post=55565"},{"taxonomy":"post_tag","embeddable":true,"href":"https:\/\/www.sspo.gob.mx\/index.php?rest_route=%2Fwp%2Fv2%2Ftags&post=55565"}],"curies":[{"name":"wp","href":"https:\/\/api.w.org\/{rel}","templated":true}]}}