{"id":55938,"date":"2024-02-21T20:41:37","date_gmt":"2024-02-22T02:41:37","guid":{"rendered":"https:\/\/www.sspo.gob.mx\/?p=55938"},"modified":"2024-02-21T20:41:37","modified_gmt":"2024-02-22T02:41:37","slug":"reporta-sspc-avances-de-la-comision-intersecretarial-de-ejecucion-penal-del-estado-de-oaxaca","status":"publish","type":"post","link":"https:\/\/www.sspo.gob.mx\/?p=55938","title":{"rendered":"REPORTA SSPC AVANCES DE LA COMISI\u00d3N INTERSECRETARIAL DE EJECUCI\u00d3N PENAL DEL ESTADO DE OAXACA"},"content":{"rendered":"<p>&#8211; Las y los representantes de las dependencias de la administraci\u00f3n p\u00fablica involucradas en esta Comisi\u00f3n, dieron cuenta de los avances logrados en la materia.<\/p>\n<p>Oaxaca de Ju\u00e1rez, Oax., 20 de febrero de 2024.- La Secretar\u00eda de Seguridad y Protecci\u00f3n Ciudadana (SSPC), al mando del Capit\u00e1n Iv\u00e1n Garc\u00eda \u00c1lvarez contin\u00faa implementando acciones con el objetivo de fortalecer los derechos fundamentales de las Personas Privadas de Libertad (PPL) a trav\u00e9s de la coordinaci\u00f3n, dise\u00f1o e implementaci\u00f3n de programas alineados al Modelo Integral de Reinserci\u00f3n Social (MIRS) mediante el apoyo y colaboraci\u00f3n transversal de las instituciones integrantes de la Comisi\u00f3n Intersecretarial de Ejecuci\u00f3n Penal del Estado de Oaxaca.<\/p>\n<p>Durante la Tercera Sesi\u00f3n Ordinaria que tuviera lugar este martes en las instalaciones del Centro de Control, Comando y Comunicaci\u00f3n (C4), las y los representantes de las dependencias de la administraci\u00f3n p\u00fablica involucradas en esta Comisi\u00f3n, dieron cuenta de los avances logrados gracias al cambio de paradigma en materia de paz y seguridad, que impulsa el Gobierno del Ingeniero Salom\u00f3n Jara Cruz.<\/p>\n<p>En este sentido, se inform\u00f3 que como parte del MIRS, en el Eje de Salud, durante el 2023 se entregaron medicamentos a PPL de los 10 Centros Penitenciarios, al tiempo que se implementaron campa\u00f1as de prevenci\u00f3n de la Influenza, COVID y C\u00e1ncer de mama.<\/p>\n<p><a href=\"https:\/\/www.sspo.gob.mx\/wp-content\/uploads\/2024\/02\/WhatsApp-Image-2024-02-21-at-8.32.15-PM-1.jpeg\"><img loading=\"lazy\" decoding=\"async\" class=\"aligncenter size-large wp-image-55940\" src=\"https:\/\/www.sspo.gob.mx\/wp-content\/uploads\/2024\/02\/WhatsApp-Image-2024-02-21-at-8.32.15-PM-1-1024x768.jpeg\" alt=\"\" width=\"800\" height=\"600\" srcset=\"https:\/\/www.sspo.gob.mx\/wp-content\/uploads\/2024\/02\/WhatsApp-Image-2024-02-21-at-8.32.15-PM-1-1024x768.jpeg 1024w, https:\/\/www.sspo.gob.mx\/wp-content\/uploads\/2024\/02\/WhatsApp-Image-2024-02-21-at-8.32.15-PM-1-300x225.jpeg 300w, https:\/\/www.sspo.gob.mx\/wp-content\/uploads\/2024\/02\/WhatsApp-Image-2024-02-21-at-8.32.15-PM-1-768x576.jpeg 768w, https:\/\/www.sspo.gob.mx\/wp-content\/uploads\/2024\/02\/WhatsApp-Image-2024-02-21-at-8.32.15-PM-1-1536x1152.jpeg 1536w, https:\/\/www.sspo.gob.mx\/wp-content\/uploads\/2024\/02\/WhatsApp-Image-2024-02-21-at-8.32.15-PM-1.jpeg 1600w\" sizes=\"(max-width: 800px) 100vw, 800px\" \/><\/a><\/p>\n<p>En cuanto al Trabajo y Capacitaci\u00f3n para el mismo, se entregaron tarjetas Bienestar a mujeres privadas de libertad que son jefas de familia y se realizaron expoferias, talleres y se vincul\u00f3 a las PPL con empresas para que puedan trabajar y desarrollar sus habilidades.<\/p>\n<p>Respecto al Eje de Educaci\u00f3n, se realizaron diversas donaciones de libros, mientras que el personal de los Centros Penitenciarios se capacit\u00f3 para facilitar el proceso de inscripci\u00f3n a la preparatoria abierta.<\/p>\n<p>Correspondiente al Eje Transversal de Cultura, se han impartido talleres de artes pl\u00e1sticas y se han expuesto las obras producto de los mismos; trascendiendo la creaci\u00f3n de la Banda Filarm\u00f3nica de la Direcci\u00f3n de Ejecuci\u00f3n de Medidas para Adolescentes (DEMA).<\/p>\n<p><a href=\"https:\/\/www.sspo.gob.mx\/wp-content\/uploads\/2024\/02\/WhatsApp-Image-2024-02-21-at-8.32.15-PM-2.jpeg\"><img loading=\"lazy\" decoding=\"async\" class=\"aligncenter size-large wp-image-55941\" src=\"https:\/\/www.sspo.gob.mx\/wp-content\/uploads\/2024\/02\/WhatsApp-Image-2024-02-21-at-8.32.15-PM-2-1024x768.jpeg\" alt=\"\" width=\"800\" height=\"600\" srcset=\"https:\/\/www.sspo.gob.mx\/wp-content\/uploads\/2024\/02\/WhatsApp-Image-2024-02-21-at-8.32.15-PM-2-1024x768.jpeg 1024w, https:\/\/www.sspo.gob.mx\/wp-content\/uploads\/2024\/02\/WhatsApp-Image-2024-02-21-at-8.32.15-PM-2-300x225.jpeg 300w, https:\/\/www.sspo.gob.mx\/wp-content\/uploads\/2024\/02\/WhatsApp-Image-2024-02-21-at-8.32.15-PM-2-768x576.jpeg 768w, https:\/\/www.sspo.gob.mx\/wp-content\/uploads\/2024\/02\/WhatsApp-Image-2024-02-21-at-8.32.15-PM-2-1536x1152.jpeg 1536w, https:\/\/www.sspo.gob.mx\/wp-content\/uploads\/2024\/02\/WhatsApp-Image-2024-02-21-at-8.32.15-PM-2.jpeg 1600w\" sizes=\"(max-width: 800px) 100vw, 800px\" \/><\/a><\/p>\n<p>De manera complementaria y para dar certeza jur\u00eddica a las PPL, se han realizado audiencias penitenciarias presenciales y virtuales, asimismo se han implementado talleres en materia de prevenci\u00f3n de la violencia de g\u00e9nero; mientras que para garantizar sus derechos humanos, se han instalado buzones para queja. A ello se suman las Jornadas de Paz Penitenciarias donde m\u00e1s de 25 instituciones del Gobierno de Oaxaca han brindado sus servicios a la poblaci\u00f3n y a sus familias.<\/p>\n<p>En el tema de seguridad penitenciaria, se han instalado c\u00e1maras de videovigilancia y se ha dotado de uniformes t\u00e1cticos al personal de custodia.<\/p>\n<p>Estos esfuerzos rinden frutos gracias a la participaci\u00f3n activa de instituciones como la Secretar\u00eda de Gobierno; Secretariado Ejecutivo del Sistema Estatal de Seguridad P\u00fablica; Secretar\u00eda de Bienestar, Tequio e Inclusi\u00f3n; Secretar\u00eda de las Culturas y Artes de Oaxaca; Secretar\u00eda de Salud y Servicios de Salud de Oaxaca; Secretar\u00eda del Trabajo; Instituto del Deporte; Sistema Local de Protecci\u00f3n Integral de los Derechos de las Ni\u00f1as, Ni\u00f1os y Adolescentes; Secretar\u00eda de las Mujeres y de la Secretar\u00eda de la Interculturalidad, Pueblos y Comunidades Ind\u00edgenas y Afromexicanas.<\/p>\n<p>Asimismo, de la Coordinaci\u00f3n del Servicio Nacional de Empleo, Sistema Estatal para el Desarrollo Integral de la Familia, Secretar\u00eda de Desarrollo Econ\u00f3mico, Defensor\u00eda de los Derechos Humanos del Pueblo de Oaxaca, Defensor\u00eda P\u00fablica del Estado de Oaxaca, Secretar\u00eda de las Infraestructuras y Comunicaciones de Oaxaca, Instituto Estatal de Educaci\u00f3n para Adultos, Comisi\u00f3n Estatal del Agua para el Bienestar, Coordinaci\u00f3n para la Atenci\u00f3n de los Derechos Humanos, Instituto Oaxaque\u00f1o Constructor de Infraestructura F\u00edsica y Educativa, Coordinaci\u00f3n Estatal de Protecci\u00f3n Civil y Gesti\u00f3n de Riesgos, Secretar\u00eda de Fomento Agroalimentario y Desarrollo Rural, Instituto de la Juventud Oaxaque\u00f1a e<br \/>\nInstituto de Capacitaci\u00f3n y Productividad para el Trabajo.<\/p>\n<p><a href=\"https:\/\/www.sspo.gob.mx\/wp-content\/uploads\/2024\/02\/WhatsApp-Image-2024-02-21-at-8.32.15-PM.jpeg\"><img loading=\"lazy\" decoding=\"async\" class=\"aligncenter size-large wp-image-55939\" src=\"https:\/\/www.sspo.gob.mx\/wp-content\/uploads\/2024\/02\/WhatsApp-Image-2024-02-21-at-8.32.15-PM-1024x768.jpeg\" alt=\"\" width=\"800\" height=\"600\" srcset=\"https:\/\/www.sspo.gob.mx\/wp-content\/uploads\/2024\/02\/WhatsApp-Image-2024-02-21-at-8.32.15-PM-1024x768.jpeg 1024w, https:\/\/www.sspo.gob.mx\/wp-content\/uploads\/2024\/02\/WhatsApp-Image-2024-02-21-at-8.32.15-PM-300x225.jpeg 300w, https:\/\/www.sspo.gob.mx\/wp-content\/uploads\/2024\/02\/WhatsApp-Image-2024-02-21-at-8.32.15-PM-768x576.jpeg 768w, https:\/\/www.sspo.gob.mx\/wp-content\/uploads\/2024\/02\/WhatsApp-Image-2024-02-21-at-8.32.15-PM-1536x1152.jpeg 1536w, https:\/\/www.sspo.gob.mx\/wp-content\/uploads\/2024\/02\/WhatsApp-Image-2024-02-21-at-8.32.15-PM.jpeg 1600w\" sizes=\"(max-width: 800px) 100vw, 800px\" \/><\/a><\/p>\n<p>&nbsp;<\/p>\n<p>-0-<\/p>\n","protected":false},"excerpt":{"rendered":"<p>&#8211; Las y los representantes de las dependencias de la administraci\u00f3n p\u00fablica involucradas en esta Comisi\u00f3n, dieron cuenta de los<\/p>\n","protected":false},"author":2,"featured_media":55942,"comment_status":"closed","ping_status":"closed","sticky":false,"template":"","format":"standard","meta":{"footnotes":""},"categories":[7],"tags":[],"_links":{"self":[{"href":"https:\/\/www.sspo.gob.mx\/index.php?rest_route=\/wp\/v2\/posts\/55938"}],"collection":[{"href":"https:\/\/www.sspo.gob.mx\/index.php?rest_route=\/wp\/v2\/posts"}],"about":[{"href":"https:\/\/www.sspo.gob.mx\/index.php?rest_route=\/wp\/v2\/types\/post"}],"author":[{"embeddable":true,"href":"https:\/\/www.sspo.gob.mx\/index.php?rest_route=\/wp\/v2\/users\/2"}],"replies":[{"embeddable":true,"href":"https:\/\/www.sspo.gob.mx\/index.php?rest_route=%2Fwp%2Fv2%2Fcomments&post=55938"}],"version-history":[{"count":1,"href":"https:\/\/www.sspo.gob.mx\/index.php?rest_route=\/wp\/v2\/posts\/55938\/revisions"}],"predecessor-version":[{"id":55943,"href":"https:\/\/www.sspo.gob.mx\/index.php?rest_route=\/wp\/v2\/posts\/55938\/revisions\/55943"}],"wp:featuredmedia":[{"embeddable":true,"href":"https:\/\/www.sspo.gob.mx\/index.php?rest_route=\/wp\/v2\/media\/55942"}],"wp:attachment":[{"href":"https:\/\/www.sspo.gob.mx\/index.php?rest_route=%2Fwp%2Fv2%2Fmedia&parent=55938"}],"wp:term":[{"taxonomy":"category","embeddable":true,"href":"https:\/\/www.sspo.gob.mx\/index.php?rest_route=%2Fwp%2Fv2%2Fcategories&post=55938"},{"taxonomy":"post_tag","embeddable":true,"href":"https:\/\/www.sspo.gob.mx\/index.php?rest_route=%2Fwp%2Fv2%2Ftags&post=55938"}],"curies":[{"name":"wp","href":"https:\/\/api.w.org\/{rel}","templated":true}]}}