{"id":56197,"date":"2024-04-15T16:52:24","date_gmt":"2024-04-15T22:52:24","guid":{"rendered":"https:\/\/www.sspo.gob.mx\/?p=56197"},"modified":"2024-04-16T12:57:38","modified_gmt":"2024-04-16T18:57:38","slug":"sensibiliza-sspc-a-colaboradores-y-usuarios-de-los-sso-sobre-masculinidades","status":"publish","type":"post","link":"https:\/\/www.sspo.gob.mx\/?p=56197","title":{"rendered":"SENSIBILIZA SSPC A COLABORADORES Y USUARIOS DE LOS SSO SOBRE MASCULINIDADES"},"content":{"rendered":"<p>&nbsp;<\/p>\n<ul>\n<li>A trav\u00e9s de la reflexi\u00f3n buscan erradicar la violencia de g\u00e9nero y construir nuevas identidades masculinas.<\/li>\n<\/ul>\n<p>Oaxaca de Ju\u00e1rez, Oax., 15 de abril de 2024. La Secretar\u00eda de Seguridad y Protecci\u00f3n Ciudadana (SSPC) en trabajo conjunto con los Servicios de Salud de Oaxaca (SSO), inici\u00f3 una jornada de sensibilizaci\u00f3n dirigida a colaboradores de la Jurisdicci\u00f3n Sanitaria No. 1 \u201cValles Centrales\u201d y usuarios de las Unidades de Salud, con el objetivo de sensibilizarles sobre las responsabilidades masculinas en la violencia de g\u00e9nero contra las mujeres.<\/p>\n<p>Con la colaboraci\u00f3n de la SSPC y de los SSO, a trav\u00e9s del Centro de Reeducaci\u00f3n para Hombres que Ejercen Violencia contra las Mujeres y de la Coordinaci\u00f3n de Igualdad de G\u00e9nero de la Direcci\u00f3n de Prevenci\u00f3n y Promoci\u00f3n de la Salud, respectivamente; las capacitaciones se llevar\u00e1n a cabo durante los meses de abril, mayo y junio.<\/p>\n<p><a href=\"https:\/\/www.sspo.gob.mx\/wp-content\/uploads\/2024\/04\/865a18f4-ad61-4c26-9447-96260ac111d1-scaled.jpg\"><img loading=\"lazy\" decoding=\"async\" class=\"aligncenter size-large wp-image-56200\" src=\"https:\/\/www.sspo.gob.mx\/wp-content\/uploads\/2024\/04\/865a18f4-ad61-4c26-9447-96260ac111d1-1024x683.jpg\" alt=\"\" width=\"800\" height=\"534\" srcset=\"https:\/\/www.sspo.gob.mx\/wp-content\/uploads\/2024\/04\/865a18f4-ad61-4c26-9447-96260ac111d1-1024x683.jpg 1024w, https:\/\/www.sspo.gob.mx\/wp-content\/uploads\/2024\/04\/865a18f4-ad61-4c26-9447-96260ac111d1-300x200.jpg 300w, https:\/\/www.sspo.gob.mx\/wp-content\/uploads\/2024\/04\/865a18f4-ad61-4c26-9447-96260ac111d1-768x512.jpg 768w, https:\/\/www.sspo.gob.mx\/wp-content\/uploads\/2024\/04\/865a18f4-ad61-4c26-9447-96260ac111d1-1536x1024.jpg 1536w, https:\/\/www.sspo.gob.mx\/wp-content\/uploads\/2024\/04\/865a18f4-ad61-4c26-9447-96260ac111d1-2048x1366.jpg 2048w\" sizes=\"(max-width: 800px) 100vw, 800px\" \/><\/a><\/p>\n<p>As\u00ed fue dado a conocer durante el acto inaugural realizado el pasado viernes, en el Auditorio de la Facultad de Odontolog\u00eda de la Universidad Aut\u00f3noma Benito Ju\u00e1rez de Oaxaca (UABJO), en el que estuvieron presentes autoridades educativas, de salud y seguridad.<\/p>\n<p>Con estas actividades, el Centro de Reeducaci\u00f3n de la SSPC busca visualizar y reconocer los ejercicios de violencia, sutiles y evidentes, que se manifiestan y reproducen en la cotidianeidad, con miras en promover y cuestionar actitudes y conductas machistas.<\/p>\n<p>Lo anterior, dada la importancia de propiciar la reflexi\u00f3n sobre la construcci\u00f3n de identidades masculinas sanas, sali\u00e9ndose del molde hegem\u00f3nico y explorando otras formas de relacionarse a trav\u00e9s del respeto y la igualdad, para atender y prevenir la violencia contra las ni\u00f1as, adolescentes y mujeres.<\/p>\n<p style=\"text-align: center;\">-0-<\/p>\n<p><a href=\"https:\/\/www.sspo.gob.mx\/wp-content\/uploads\/2024\/04\/2f2b9dbf-c21d-42d6-b1e6-47d9ee3bae39-scaled.jpg\"><img loading=\"lazy\" decoding=\"async\" class=\"aligncenter size-large wp-image-56199\" src=\"https:\/\/www.sspo.gob.mx\/wp-content\/uploads\/2024\/04\/2f2b9dbf-c21d-42d6-b1e6-47d9ee3bae39-1024x768.jpg\" alt=\"\" width=\"800\" height=\"600\" srcset=\"https:\/\/www.sspo.gob.mx\/wp-content\/uploads\/2024\/04\/2f2b9dbf-c21d-42d6-b1e6-47d9ee3bae39-1024x768.jpg 1024w, https:\/\/www.sspo.gob.mx\/wp-content\/uploads\/2024\/04\/2f2b9dbf-c21d-42d6-b1e6-47d9ee3bae39-300x225.jpg 300w, https:\/\/www.sspo.gob.mx\/wp-content\/uploads\/2024\/04\/2f2b9dbf-c21d-42d6-b1e6-47d9ee3bae39-768x576.jpg 768w, https:\/\/www.sspo.gob.mx\/wp-content\/uploads\/2024\/04\/2f2b9dbf-c21d-42d6-b1e6-47d9ee3bae39-1536x1152.jpg 1536w, https:\/\/www.sspo.gob.mx\/wp-content\/uploads\/2024\/04\/2f2b9dbf-c21d-42d6-b1e6-47d9ee3bae39-2048x1536.jpg 2048w\" sizes=\"(max-width: 800px) 100vw, 800px\" \/><\/a><\/p>\n<p>&nbsp;<\/p>\n","protected":false},"excerpt":{"rendered":"<p>&nbsp; A trav\u00e9s de la reflexi\u00f3n buscan erradicar la violencia de g\u00e9nero y construir nuevas identidades masculinas. Oaxaca de Ju\u00e1rez,<\/p>\n","protected":false},"author":2,"featured_media":56198,"comment_status":"closed","ping_status":"closed","sticky":false,"template":"","format":"standard","meta":{"footnotes":""},"categories":[1],"tags":[],"_links":{"self":[{"href":"https:\/\/www.sspo.gob.mx\/index.php?rest_route=\/wp\/v2\/posts\/56197"}],"collection":[{"href":"https:\/\/www.sspo.gob.mx\/index.php?rest_route=\/wp\/v2\/posts"}],"about":[{"href":"https:\/\/www.sspo.gob.mx\/index.php?rest_route=\/wp\/v2\/types\/post"}],"author":[{"embeddable":true,"href":"https:\/\/www.sspo.gob.mx\/index.php?rest_route=\/wp\/v2\/users\/2"}],"replies":[{"embeddable":true,"href":"https:\/\/www.sspo.gob.mx\/index.php?rest_route=%2Fwp%2Fv2%2Fcomments&post=56197"}],"version-history":[{"count":1,"href":"https:\/\/www.sspo.gob.mx\/index.php?rest_route=\/wp\/v2\/posts\/56197\/revisions"}],"predecessor-version":[{"id":56201,"href":"https:\/\/www.sspo.gob.mx\/index.php?rest_route=\/wp\/v2\/posts\/56197\/revisions\/56201"}],"wp:featuredmedia":[{"embeddable":true,"href":"https:\/\/www.sspo.gob.mx\/index.php?rest_route=\/wp\/v2\/media\/56198"}],"wp:attachment":[{"href":"https:\/\/www.sspo.gob.mx\/index.php?rest_route=%2Fwp%2Fv2%2Fmedia&parent=56197"}],"wp:term":[{"taxonomy":"category","embeddable":true,"href":"https:\/\/www.sspo.gob.mx\/index.php?rest_route=%2Fwp%2Fv2%2Fcategories&post=56197"},{"taxonomy":"post_tag","embeddable":true,"href":"https:\/\/www.sspo.gob.mx\/index.php?rest_route=%2Fwp%2Fv2%2Ftags&post=56197"}],"curies":[{"name":"wp","href":"https:\/\/api.w.org\/{rel}","templated":true}]}}