{"id":56796,"date":"2024-09-17T18:42:44","date_gmt":"2024-09-18T00:42:44","guid":{"rendered":"https:\/\/www.sspo.gob.mx\/?p=56796"},"modified":"2024-09-17T18:42:53","modified_gmt":"2024-09-18T00:42:53","slug":"capacitan-a-funcionariado-y-policias-sobre-genero-y-masculinidades","status":"publish","type":"post","link":"https:\/\/www.sspo.gob.mx\/?p=56796","title":{"rendered":"CAPACITAN A FUNCIONARIADO Y POLIC\u00cdAS SOBRE G\u00c9NERO Y MASCULINIDADES"},"content":{"rendered":"<p>\u2022 Al menos 46 personas servidoras p\u00fablicas de distintos niveles fueron capacitadas en temas de g\u00e9nero y masculinidades<\/p>\n<p>Santa Mar\u00eda Huatulco, Oax. 17 de septiembre de 2024.- La Secretar\u00eda de Seguridad y Protecci\u00f3n Ciudadana (SSPC) capacit\u00f3 alrededor de 46 personas servidoras p\u00fablicas de distintos niveles en temas de g\u00e9nero y masculinidades.<\/p>\n<p>A trav\u00e9s del Centro de Reeducaci\u00f3n para Hombres que Ejercen Violencia contra las Mujeres (CRHEVM), personal especializado brind\u00f3 la capacitaci\u00f3n &#8220;El enojo y la violencia&#8221;, dirigida a polic\u00edas municipales y funcionariado de la agencia de Santa Cruz Huatulco.<\/p>\n<p><a href=\"https:\/\/www.sspo.gob.mx\/wp-content\/uploads\/2024\/09\/WhatsApp-Image-2024-09-17-at-6.30.48-PM-3.jpeg\"><img loading=\"lazy\" decoding=\"async\" class=\"aligncenter size-large wp-image-56797\" src=\"https:\/\/www.sspo.gob.mx\/wp-content\/uploads\/2024\/09\/WhatsApp-Image-2024-09-17-at-6.30.48-PM-3-1024x768.jpeg\" alt=\"\" width=\"800\" height=\"600\" srcset=\"https:\/\/www.sspo.gob.mx\/wp-content\/uploads\/2024\/09\/WhatsApp-Image-2024-09-17-at-6.30.48-PM-3-1024x768.jpeg 1024w, https:\/\/www.sspo.gob.mx\/wp-content\/uploads\/2024\/09\/WhatsApp-Image-2024-09-17-at-6.30.48-PM-3-300x225.jpeg 300w, https:\/\/www.sspo.gob.mx\/wp-content\/uploads\/2024\/09\/WhatsApp-Image-2024-09-17-at-6.30.48-PM-3-768x576.jpeg 768w, https:\/\/www.sspo.gob.mx\/wp-content\/uploads\/2024\/09\/WhatsApp-Image-2024-09-17-at-6.30.48-PM-3-1536x1152.jpeg 1536w, https:\/\/www.sspo.gob.mx\/wp-content\/uploads\/2024\/09\/WhatsApp-Image-2024-09-17-at-6.30.48-PM-3.jpeg 1600w\" sizes=\"(max-width: 800px) 100vw, 800px\" \/><\/a><\/p>\n<p>Asimismo, personal de la Subdelegaci\u00f3n del Instituto Mexicano del Seguro Social (IMSS) de dicha agencia recibi\u00f3 el tema &#8220;Paternidades responsables\u201d.<\/p>\n<p>Estas acciones comprendidas en la jornada de sensibilizaci\u00f3n, promueven una cultura de paz y resoluci\u00f3n de conflictos por la v\u00eda pac\u00edfica, al igual que la participaci\u00f3n ciudadana como eje fundamental de la prevenci\u00f3n de las violencias en todas sus manifestaciones.<\/p>\n<p>Lo anterior, como parte del inter\u00e9s del Gobierno de la Primavera Oaxaque\u00f1a de consolidar la igualdad de oportunidades para todas y todos en la entidad, reafirmando el compromiso de establecer un Nuevo Pacto Social.<\/p>\n<p><a href=\"https:\/\/www.sspo.gob.mx\/wp-content\/uploads\/2024\/09\/WhatsApp-Image-2024-09-17-at-6.30.48-PM.jpeg\"><img loading=\"lazy\" decoding=\"async\" class=\"aligncenter size-large wp-image-56798\" src=\"https:\/\/www.sspo.gob.mx\/wp-content\/uploads\/2024\/09\/WhatsApp-Image-2024-09-17-at-6.30.48-PM-1024x768.jpeg\" alt=\"\" width=\"800\" height=\"600\" srcset=\"https:\/\/www.sspo.gob.mx\/wp-content\/uploads\/2024\/09\/WhatsApp-Image-2024-09-17-at-6.30.48-PM-1024x768.jpeg 1024w, https:\/\/www.sspo.gob.mx\/wp-content\/uploads\/2024\/09\/WhatsApp-Image-2024-09-17-at-6.30.48-PM-300x225.jpeg 300w, https:\/\/www.sspo.gob.mx\/wp-content\/uploads\/2024\/09\/WhatsApp-Image-2024-09-17-at-6.30.48-PM-768x576.jpeg 768w, https:\/\/www.sspo.gob.mx\/wp-content\/uploads\/2024\/09\/WhatsApp-Image-2024-09-17-at-6.30.48-PM-1536x1152.jpeg 1536w, https:\/\/www.sspo.gob.mx\/wp-content\/uploads\/2024\/09\/WhatsApp-Image-2024-09-17-at-6.30.48-PM.jpeg 1600w\" sizes=\"(max-width: 800px) 100vw, 800px\" \/><\/a><\/p>\n<p>-0-<\/p>\n","protected":false},"excerpt":{"rendered":"<p>\u2022 Al menos 46 personas servidoras p\u00fablicas de distintos niveles fueron capacitadas en temas de g\u00e9nero y masculinidades Santa Mar\u00eda<\/p>\n","protected":false},"author":2,"featured_media":56799,"comment_status":"closed","ping_status":"closed","sticky":false,"template":"","format":"standard","meta":{"footnotes":""},"categories":[7],"tags":[],"_links":{"self":[{"href":"https:\/\/www.sspo.gob.mx\/index.php?rest_route=\/wp\/v2\/posts\/56796"}],"collection":[{"href":"https:\/\/www.sspo.gob.mx\/index.php?rest_route=\/wp\/v2\/posts"}],"about":[{"href":"https:\/\/www.sspo.gob.mx\/index.php?rest_route=\/wp\/v2\/types\/post"}],"author":[{"embeddable":true,"href":"https:\/\/www.sspo.gob.mx\/index.php?rest_route=\/wp\/v2\/users\/2"}],"replies":[{"embeddable":true,"href":"https:\/\/www.sspo.gob.mx\/index.php?rest_route=%2Fwp%2Fv2%2Fcomments&post=56796"}],"version-history":[{"count":1,"href":"https:\/\/www.sspo.gob.mx\/index.php?rest_route=\/wp\/v2\/posts\/56796\/revisions"}],"predecessor-version":[{"id":56800,"href":"https:\/\/www.sspo.gob.mx\/index.php?rest_route=\/wp\/v2\/posts\/56796\/revisions\/56800"}],"wp:featuredmedia":[{"embeddable":true,"href":"https:\/\/www.sspo.gob.mx\/index.php?rest_route=\/wp\/v2\/media\/56799"}],"wp:attachment":[{"href":"https:\/\/www.sspo.gob.mx\/index.php?rest_route=%2Fwp%2Fv2%2Fmedia&parent=56796"}],"wp:term":[{"taxonomy":"category","embeddable":true,"href":"https:\/\/www.sspo.gob.mx\/index.php?rest_route=%2Fwp%2Fv2%2Fcategories&post=56796"},{"taxonomy":"post_tag","embeddable":true,"href":"https:\/\/www.sspo.gob.mx\/index.php?rest_route=%2Fwp%2Fv2%2Ftags&post=56796"}],"curies":[{"name":"wp","href":"https:\/\/api.w.org\/{rel}","templated":true}]}}