{"id":57584,"date":"2025-01-07T20:12:19","date_gmt":"2025-01-08T02:12:19","guid":{"rendered":"https:\/\/www.sspo.gob.mx\/?p=57584"},"modified":"2025-01-07T20:12:36","modified_gmt":"2025-01-08T02:12:36","slug":"oaxaca-implementara-el-programa-federal-reconecta-con-la-paz-para-disminuir-incidencia-delictiva","status":"publish","type":"post","link":"https:\/\/www.sspo.gob.mx\/?p=57584","title":{"rendered":"OAXACA IMPLEMENTAR\u00c1 EL PROGRAMA FEDERAL RECONECTA CON LA PAZ PARA DISMINUIR INCIDENCIA DELICTIVA"},"content":{"rendered":"<p>\u2022 Esta estrategia de apoyo a la reinserci\u00f3n social de juventudes que delinquen por primera vez, estar\u00e1 a cargo de la SSPC del estado<\/p>\n<p>Oaxaca de Ju\u00e1rez, Oax. 7 de enero de 2025.- El Gobierno del Estado pondr\u00e1 en marcha el programa federal Reconecta con la Paz, el cual atender\u00e1 y apoyar\u00e1 a las juventudes que delinquen por primera vez, en su reinserci\u00f3n en la sociedad.<\/p>\n<p>Durante la presentaci\u00f3n de la estrategia en el Centro Cultural y de Convenciones de Oaxaca (CCCO), la subsecretaria de Seguridad y Protecci\u00f3n Ciudadana del Gobierno de M\u00e9xico, Esthela Dami\u00e1n Peralta se\u00f1al\u00f3 que el objetivo principal es disminuir los \u00edndices de reincidencia delictiva y los ciclos de violencia a nivel comunitario por medio del deporte, la cultura, formaci\u00f3n para el trabajo y ayuda mutua.<\/p>\n<p>Ante el subsecretario de Prevenci\u00f3n y Reinserci\u00f3n Social, Roberto Claudio Castillo Ram\u00edrez, indic\u00f3 que esta acci\u00f3n estar\u00e1 a cargo de la Direcci\u00f3n General de Prevenci\u00f3n del Delito y Participaci\u00f3n Ciudadana de la Secretar\u00eda de Seguridad y Protecci\u00f3n Ciudadana (SSPC) del Gobierno de Oaxaca.<\/p>\n<p><a href=\"https:\/\/www.sspo.gob.mx\/wp-content\/uploads\/2025\/01\/WhatsApp-Image-2025-01-07-at-18.43.36.jpeg\"><img loading=\"lazy\" decoding=\"async\" class=\"aligncenter size-full wp-image-57585\" src=\"https:\/\/www.sspo.gob.mx\/wp-content\/uploads\/2025\/01\/WhatsApp-Image-2025-01-07-at-18.43.36.jpeg\" alt=\"\" width=\"900\" height=\"599\" srcset=\"https:\/\/www.sspo.gob.mx\/wp-content\/uploads\/2025\/01\/WhatsApp-Image-2025-01-07-at-18.43.36.jpeg 900w, https:\/\/www.sspo.gob.mx\/wp-content\/uploads\/2025\/01\/WhatsApp-Image-2025-01-07-at-18.43.36-300x200.jpeg 300w, https:\/\/www.sspo.gob.mx\/wp-content\/uploads\/2025\/01\/WhatsApp-Image-2025-01-07-at-18.43.36-768x511.jpeg 768w\" sizes=\"(max-width: 900px) 100vw, 900px\" \/><\/a><\/p>\n<p>La funcionaria destac\u00f3 que este trabajo de intervenci\u00f3n temprana para la prevenci\u00f3n de la violencia y comisi\u00f3n de delitos, ha permitido la reinserci\u00f3n de m\u00e1s de mil personas desde su puesta en marcha en 2021 en la Ciudad de M\u00e9xico.<\/p>\n<p>En este marco de acciones a favor de la prevenci\u00f3n del delito, Esthela Dami\u00e1n se sum\u00f3 a las actividades del Programa Vecinas y Vecinos por la Paz y recorri\u00f3 calles y colonias de la agencia de San Mart\u00edn Mexicapam, perteneciente al municipio de Oaxaca de Ju\u00e1rez.<\/p>\n<p>De esta manera, la Primavera Oaxaque\u00f1a da continuidad a los trabajos conjuntos entre los tres \u00f3rdenes de gobierno, para el fortalecimiento de la paz y el bienestar social en las ocho regiones del estado.<\/p>\n<p><a href=\"https:\/\/www.sspo.gob.mx\/wp-content\/uploads\/2025\/01\/WhatsApp-Image-2025-01-07-at-18.43.36-1.jpeg\"><img loading=\"lazy\" decoding=\"async\" class=\"aligncenter size-full wp-image-57586\" src=\"https:\/\/www.sspo.gob.mx\/wp-content\/uploads\/2025\/01\/WhatsApp-Image-2025-01-07-at-18.43.36-1.jpeg\" alt=\"\" width=\"900\" height=\"600\" srcset=\"https:\/\/www.sspo.gob.mx\/wp-content\/uploads\/2025\/01\/WhatsApp-Image-2025-01-07-at-18.43.36-1.jpeg 900w, https:\/\/www.sspo.gob.mx\/wp-content\/uploads\/2025\/01\/WhatsApp-Image-2025-01-07-at-18.43.36-1-300x200.jpeg 300w, https:\/\/www.sspo.gob.mx\/wp-content\/uploads\/2025\/01\/WhatsApp-Image-2025-01-07-at-18.43.36-1-768x512.jpeg 768w\" sizes=\"(max-width: 900px) 100vw, 900px\" \/><\/a><\/p>\n<p>-0-<\/p>\n","protected":false},"excerpt":{"rendered":"<p>\u2022 Esta estrategia de apoyo a la reinserci\u00f3n social de juventudes que delinquen por primera vez, estar\u00e1 a cargo de<\/p>\n","protected":false},"author":2,"featured_media":57587,"comment_status":"closed","ping_status":"closed","sticky":false,"template":"","format":"standard","meta":{"footnotes":""},"categories":[7],"tags":[],"_links":{"self":[{"href":"https:\/\/www.sspo.gob.mx\/index.php?rest_route=\/wp\/v2\/posts\/57584"}],"collection":[{"href":"https:\/\/www.sspo.gob.mx\/index.php?rest_route=\/wp\/v2\/posts"}],"about":[{"href":"https:\/\/www.sspo.gob.mx\/index.php?rest_route=\/wp\/v2\/types\/post"}],"author":[{"embeddable":true,"href":"https:\/\/www.sspo.gob.mx\/index.php?rest_route=\/wp\/v2\/users\/2"}],"replies":[{"embeddable":true,"href":"https:\/\/www.sspo.gob.mx\/index.php?rest_route=%2Fwp%2Fv2%2Fcomments&post=57584"}],"version-history":[{"count":1,"href":"https:\/\/www.sspo.gob.mx\/index.php?rest_route=\/wp\/v2\/posts\/57584\/revisions"}],"predecessor-version":[{"id":57588,"href":"https:\/\/www.sspo.gob.mx\/index.php?rest_route=\/wp\/v2\/posts\/57584\/revisions\/57588"}],"wp:featuredmedia":[{"embeddable":true,"href":"https:\/\/www.sspo.gob.mx\/index.php?rest_route=\/wp\/v2\/media\/57587"}],"wp:attachment":[{"href":"https:\/\/www.sspo.gob.mx\/index.php?rest_route=%2Fwp%2Fv2%2Fmedia&parent=57584"}],"wp:term":[{"taxonomy":"category","embeddable":true,"href":"https:\/\/www.sspo.gob.mx\/index.php?rest_route=%2Fwp%2Fv2%2Fcategories&post=57584"},{"taxonomy":"post_tag","embeddable":true,"href":"https:\/\/www.sspo.gob.mx\/index.php?rest_route=%2Fwp%2Fv2%2Ftags&post=57584"}],"curies":[{"name":"wp","href":"https:\/\/api.w.org\/{rel}","templated":true}]}}