{"id":57700,"date":"2025-02-03T16:22:59","date_gmt":"2025-02-03T22:22:59","guid":{"rendered":"https:\/\/www.sspo.gob.mx\/?p=57700"},"modified":"2025-02-04T15:04:53","modified_gmt":"2025-02-04T21:04:53","slug":"inicia-actividades-academicas-primera-generacion-de-la-usepaz","status":"publish","type":"post","link":"https:\/\/www.sspo.gob.mx\/?p=57700","title":{"rendered":"INICIA ACTIVIDADES ACAD\u00c9MICAS PRIMERA GENERACI\u00d3N DE LA USEPAZ"},"content":{"rendered":"<ul>\n<li>Comienzan 204 estudiantes el cuatrimestre 1-A 2025 programado del 3 de febrero al 31 de mayo<\/li>\n<\/ul>\n<p>&nbsp;<\/p>\n<p>Oaxaca de Ju\u00e1rez, Oax. 3 de febrero de 2025.- La profesionalizaci\u00f3n de las y los elementos policiacos del estado avanza de manera consistente, este lunes fueron inauguradas las actividades acad\u00e9micas de la Universidad de la Seguridad P\u00fablica y Paz Social (Usepaz) del Estado de Oaxaca, correspondientes a la primera generaci\u00f3n que inicia sus estudios en cuatro licenciaturas y una ingenier\u00eda.<\/p>\n<p>Este grupo compuesto por 204 estudiantes y elementos activos de las instituciones que integran el Sistema de Seguridad P\u00fablica, a partir de este lunes, cursa el cuatrimestre 1-A 2025 programado del 3 de febrero al 31 de mayo del presente a\u00f1o.<\/p>\n<p>El estudiantado comienza sus estudios en las licenciaturas de Criminal\u00edstica e Investigaci\u00f3n Policial, Ciberseguridad, Derecho, Seguridad Ciudadana y la ingenier\u00eda en Protecci\u00f3n Civil y Evaluaci\u00f3n de Riesgos.<\/p>\n<p><a href=\"https:\/\/www.sspo.gob.mx\/wp-content\/uploads\/2025\/02\/e1fc92a8-20b3-46ea-9b9b-097d61a0b89b.jpg\"><img loading=\"lazy\" decoding=\"async\" class=\"aligncenter size-large wp-image-57703\" src=\"https:\/\/www.sspo.gob.mx\/wp-content\/uploads\/2025\/02\/e1fc92a8-20b3-46ea-9b9b-097d61a0b89b-1024x682.jpg\" alt=\"\" width=\"800\" height=\"533\" srcset=\"https:\/\/www.sspo.gob.mx\/wp-content\/uploads\/2025\/02\/e1fc92a8-20b3-46ea-9b9b-097d61a0b89b-1024x682.jpg 1024w, https:\/\/www.sspo.gob.mx\/wp-content\/uploads\/2025\/02\/e1fc92a8-20b3-46ea-9b9b-097d61a0b89b-300x200.jpg 300w, https:\/\/www.sspo.gob.mx\/wp-content\/uploads\/2025\/02\/e1fc92a8-20b3-46ea-9b9b-097d61a0b89b-768x512.jpg 768w, https:\/\/www.sspo.gob.mx\/wp-content\/uploads\/2025\/02\/e1fc92a8-20b3-46ea-9b9b-097d61a0b89b.jpg 1280w\" sizes=\"(max-width: 800px) 100vw, 800px\" \/><\/a><\/p>\n<p>Cabe mencionar que las y los estudiantes son integrantes de la Secretar\u00eda de Seguridad y Protecci\u00f3n Ciudadana (SSPC), del Secretariado Ejecutivo del Sistema Estatal de Seguridad P\u00fablica (SESESP), de la Fiscal\u00eda General del Estado de Oaxaca (FGEO), Polic\u00eda Estatal y Polic\u00eda Vial Estatal.<\/p>\n<p>As\u00ed como de la Polic\u00eda Auxiliar, Bancaria, Industrial y Comercial (PABIC); Reinserci\u00f3n Social; Polic\u00edas Municipales de Oaxaca de Ju\u00e1rez, Santa Cruz Xoxocotl\u00e1n, Santa Luc\u00eda del Camino, San Antonio de la Cal y Tlacolula de Matamoros.<\/p>\n<p>En el acto inaugural estuvieron presentes las titulares de las secretar\u00edas de Educaci\u00f3n P\u00fablica del Estado (SEP Oaxaca), Delfina Guzm\u00e1n D\u00edaz; del SESESP, Karina Bar\u00f3n Ortiz; mandos de la SSPC y autoridades de los municipios participantes.<\/p>\n<p>La implementaci\u00f3n de este tipo de actividades materializa el compromiso del Gobernador Salom\u00f3n Jara Cruz con la profesionalizaci\u00f3n y el fortalecimiento de las capacidades de quienes tienen la responsabilidad diaria de velar por el orden y tranquilidad de la ciudadan\u00eda oaxaque\u00f1a.<\/p>\n<p>&nbsp;<\/p>\n<p style=\"text-align: center;\">-0-<\/p>\n<p><a href=\"https:\/\/www.sspo.gob.mx\/wp-content\/uploads\/2025\/02\/d1323ef8-adf5-4e3c-9f85-a5aff0936502.jpg\"><img loading=\"lazy\" decoding=\"async\" class=\"aligncenter size-large wp-image-57702\" src=\"https:\/\/www.sspo.gob.mx\/wp-content\/uploads\/2025\/02\/d1323ef8-adf5-4e3c-9f85-a5aff0936502-1024x682.jpg\" alt=\"\" width=\"800\" height=\"533\" srcset=\"https:\/\/www.sspo.gob.mx\/wp-content\/uploads\/2025\/02\/d1323ef8-adf5-4e3c-9f85-a5aff0936502-1024x682.jpg 1024w, https:\/\/www.sspo.gob.mx\/wp-content\/uploads\/2025\/02\/d1323ef8-adf5-4e3c-9f85-a5aff0936502-300x200.jpg 300w, https:\/\/www.sspo.gob.mx\/wp-content\/uploads\/2025\/02\/d1323ef8-adf5-4e3c-9f85-a5aff0936502-768x512.jpg 768w, https:\/\/www.sspo.gob.mx\/wp-content\/uploads\/2025\/02\/d1323ef8-adf5-4e3c-9f85-a5aff0936502.jpg 1280w\" sizes=\"(max-width: 800px) 100vw, 800px\" \/><\/a><\/p>\n","protected":false},"excerpt":{"rendered":"<p>Comienzan 204 estudiantes el cuatrimestre 1-A 2025 programado del 3 de febrero al 31 de mayo &nbsp; Oaxaca de Ju\u00e1rez,<\/p>\n","protected":false},"author":2,"featured_media":57704,"comment_status":"closed","ping_status":"closed","sticky":false,"template":"","format":"standard","meta":{"footnotes":""},"categories":[1],"tags":[],"_links":{"self":[{"href":"https:\/\/www.sspo.gob.mx\/index.php?rest_route=\/wp\/v2\/posts\/57700"}],"collection":[{"href":"https:\/\/www.sspo.gob.mx\/index.php?rest_route=\/wp\/v2\/posts"}],"about":[{"href":"https:\/\/www.sspo.gob.mx\/index.php?rest_route=\/wp\/v2\/types\/post"}],"author":[{"embeddable":true,"href":"https:\/\/www.sspo.gob.mx\/index.php?rest_route=\/wp\/v2\/users\/2"}],"replies":[{"embeddable":true,"href":"https:\/\/www.sspo.gob.mx\/index.php?rest_route=%2Fwp%2Fv2%2Fcomments&post=57700"}],"version-history":[{"count":4,"href":"https:\/\/www.sspo.gob.mx\/index.php?rest_route=\/wp\/v2\/posts\/57700\/revisions"}],"predecessor-version":[{"id":57707,"href":"https:\/\/www.sspo.gob.mx\/index.php?rest_route=\/wp\/v2\/posts\/57700\/revisions\/57707"}],"wp:featuredmedia":[{"embeddable":true,"href":"https:\/\/www.sspo.gob.mx\/index.php?rest_route=\/wp\/v2\/media\/57704"}],"wp:attachment":[{"href":"https:\/\/www.sspo.gob.mx\/index.php?rest_route=%2Fwp%2Fv2%2Fmedia&parent=57700"}],"wp:term":[{"taxonomy":"category","embeddable":true,"href":"https:\/\/www.sspo.gob.mx\/index.php?rest_route=%2Fwp%2Fv2%2Fcategories&post=57700"},{"taxonomy":"post_tag","embeddable":true,"href":"https:\/\/www.sspo.gob.mx\/index.php?rest_route=%2Fwp%2Fv2%2Ftags&post=57700"}],"curies":[{"name":"wp","href":"https:\/\/api.w.org\/{rel}","templated":true}]}}