{"id":57940,"date":"2025-03-13T07:43:01","date_gmt":"2025-03-13T13:43:01","guid":{"rendered":"https:\/\/www.sspo.gob.mx\/?p=57940"},"modified":"2025-03-13T07:43:01","modified_gmt":"2025-03-13T13:43:01","slug":"certifican-a-99-personas-custodias-penitenciarias-en-competencias-basicas-en-la-usepaz","status":"publish","type":"post","link":"https:\/\/www.sspo.gob.mx\/?p=57940","title":{"rendered":"CERTIFICAN A 99 PERSONAS CUSTODIAS PENITENCIARIAS EN COMPETENCIAS B\u00c1SICAS EN LA USEPAZ"},"content":{"rendered":"<p>Oaxaca de Ju\u00e1rez, Oax. 12 de marzo de 2025.- La Secretar\u00eda de Seguridad y Protecci\u00f3n Ciudadana (SSPC) a trav\u00e9s de la Subsecretar\u00eda de Prevenci\u00f3n y Reinserci\u00f3n Social (SPRS), entreg\u00f3 certificados a 99 personas custodias penitenciarias que concluyeron el curso de &#8220;Competencias B\u00e1sicas de la Funci\u00f3n del Personal de Custodia Penitenciaria&#8221;.<\/p>\n<p>Con una duraci\u00f3n de 40 horas, las y los participantes acreditaron con \u00e9xito la capacitaci\u00f3n impartida en la Universidad de la Seguridad P\u00fablica y Paz Social del Estado de Oaxaca (Usepaz), en donde obtuvieron conocimientos te\u00f3ricos y pr\u00e1cticos que mejoran sustancialmente su labor.<\/p>\n<p><a href=\"https:\/\/www.sspo.gob.mx\/wp-content\/uploads\/2025\/03\/471e65f4-1f6e-4ac8-89e7-ed4541364ad9.jpg\"><img loading=\"lazy\" decoding=\"async\" class=\"aligncenter size-large wp-image-57942\" src=\"https:\/\/www.sspo.gob.mx\/wp-content\/uploads\/2025\/03\/471e65f4-1f6e-4ac8-89e7-ed4541364ad9-1024x682.jpg\" alt=\"\" width=\"800\" height=\"533\" srcset=\"https:\/\/www.sspo.gob.mx\/wp-content\/uploads\/2025\/03\/471e65f4-1f6e-4ac8-89e7-ed4541364ad9-1024x682.jpg 1024w, https:\/\/www.sspo.gob.mx\/wp-content\/uploads\/2025\/03\/471e65f4-1f6e-4ac8-89e7-ed4541364ad9-300x200.jpg 300w, https:\/\/www.sspo.gob.mx\/wp-content\/uploads\/2025\/03\/471e65f4-1f6e-4ac8-89e7-ed4541364ad9-768x512.jpg 768w, https:\/\/www.sspo.gob.mx\/wp-content\/uploads\/2025\/03\/471e65f4-1f6e-4ac8-89e7-ed4541364ad9-1536x1023.jpg 1536w, https:\/\/www.sspo.gob.mx\/wp-content\/uploads\/2025\/03\/471e65f4-1f6e-4ac8-89e7-ed4541364ad9.jpg 1600w\" sizes=\"(max-width: 800px) 100vw, 800px\" \/><\/a><\/p>\n<p>En representaci\u00f3n del titular de la SSPC, Iv\u00e1n Garc\u00eda \u00c1lvarez; el subsecretario de Prevenci\u00f3n y Reinserci\u00f3n Social, Roberto Claudio Castillo Ram\u00edrez reconoci\u00f3 el profesionalismo y compromiso de quienes participaron en este curso, para hacer m\u00e1s eficiente el sistema penitenciario en Oaxaca y construir una sociedad m\u00e1s segura.<\/p>\n<p>Al acto, asisti\u00f3 tambi\u00e9n el director general de Reinserci\u00f3n Social, Adolfo Pedro Fuentes Kim; el director de Seguridad Penitenciaria, Jos\u00e9 Oc\u00f3n Franco; el subdirector Jur\u00eddico de la SPRS, Jaime Bonifacio Santiago Garc\u00eda; la encargada del \u00e1rea de Nutrici\u00f3n de la SPRS, Jimena Guadalupe Jim\u00e9nez De Gyves y la encargada de la Certificaci\u00f3n y Acreditaci\u00f3n de la SPRS, Erika Quiroz Soto.<\/p>\n<p>&nbsp;<\/p>\n<p style=\"text-align: center;\">-0-<\/p>\n<p><a href=\"https:\/\/www.sspo.gob.mx\/wp-content\/uploads\/2025\/03\/acebfe97-65a0-4155-8ad9-160eca19f1ec.jpg\"><img loading=\"lazy\" decoding=\"async\" class=\"aligncenter size-large wp-image-57941\" src=\"https:\/\/www.sspo.gob.mx\/wp-content\/uploads\/2025\/03\/acebfe97-65a0-4155-8ad9-160eca19f1ec-1024x682.jpg\" alt=\"\" width=\"800\" height=\"533\" srcset=\"https:\/\/www.sspo.gob.mx\/wp-content\/uploads\/2025\/03\/acebfe97-65a0-4155-8ad9-160eca19f1ec-1024x682.jpg 1024w, https:\/\/www.sspo.gob.mx\/wp-content\/uploads\/2025\/03\/acebfe97-65a0-4155-8ad9-160eca19f1ec-300x200.jpg 300w, https:\/\/www.sspo.gob.mx\/wp-content\/uploads\/2025\/03\/acebfe97-65a0-4155-8ad9-160eca19f1ec-768x512.jpg 768w, https:\/\/www.sspo.gob.mx\/wp-content\/uploads\/2025\/03\/acebfe97-65a0-4155-8ad9-160eca19f1ec-1536x1023.jpg 1536w, https:\/\/www.sspo.gob.mx\/wp-content\/uploads\/2025\/03\/acebfe97-65a0-4155-8ad9-160eca19f1ec.jpg 1600w\" sizes=\"(max-width: 800px) 100vw, 800px\" \/><\/a><\/p>\n","protected":false},"excerpt":{"rendered":"<p>Oaxaca de Ju\u00e1rez, Oax. 12 de marzo de 2025.- La Secretar\u00eda de Seguridad y Protecci\u00f3n Ciudadana (SSPC) a trav\u00e9s de<\/p>\n","protected":false},"author":2,"featured_media":57943,"comment_status":"closed","ping_status":"closed","sticky":false,"template":"","format":"standard","meta":{"footnotes":""},"categories":[1],"tags":[],"_links":{"self":[{"href":"https:\/\/www.sspo.gob.mx\/index.php?rest_route=\/wp\/v2\/posts\/57940"}],"collection":[{"href":"https:\/\/www.sspo.gob.mx\/index.php?rest_route=\/wp\/v2\/posts"}],"about":[{"href":"https:\/\/www.sspo.gob.mx\/index.php?rest_route=\/wp\/v2\/types\/post"}],"author":[{"embeddable":true,"href":"https:\/\/www.sspo.gob.mx\/index.php?rest_route=\/wp\/v2\/users\/2"}],"replies":[{"embeddable":true,"href":"https:\/\/www.sspo.gob.mx\/index.php?rest_route=%2Fwp%2Fv2%2Fcomments&post=57940"}],"version-history":[{"count":1,"href":"https:\/\/www.sspo.gob.mx\/index.php?rest_route=\/wp\/v2\/posts\/57940\/revisions"}],"predecessor-version":[{"id":57944,"href":"https:\/\/www.sspo.gob.mx\/index.php?rest_route=\/wp\/v2\/posts\/57940\/revisions\/57944"}],"wp:featuredmedia":[{"embeddable":true,"href":"https:\/\/www.sspo.gob.mx\/index.php?rest_route=\/wp\/v2\/media\/57943"}],"wp:attachment":[{"href":"https:\/\/www.sspo.gob.mx\/index.php?rest_route=%2Fwp%2Fv2%2Fmedia&parent=57940"}],"wp:term":[{"taxonomy":"category","embeddable":true,"href":"https:\/\/www.sspo.gob.mx\/index.php?rest_route=%2Fwp%2Fv2%2Fcategories&post=57940"},{"taxonomy":"post_tag","embeddable":true,"href":"https:\/\/www.sspo.gob.mx\/index.php?rest_route=%2Fwp%2Fv2%2Ftags&post=57940"}],"curies":[{"name":"wp","href":"https:\/\/api.w.org\/{rel}","templated":true}]}}