{"id":59000,"date":"2025-09-01T18:16:55","date_gmt":"2025-09-02T00:16:55","guid":{"rendered":"https:\/\/www.sspo.gob.mx\/?p=59000"},"modified":"2025-09-01T18:16:55","modified_gmt":"2025-09-02T00:16:55","slug":"fomenta-policia-vial-cultura-de-seguridad-sostenibilidad-e-inclusion-a-mas-de-mil-500-personas-en-festival-veraninez-2025","status":"publish","type":"post","link":"https:\/\/www.sspo.gob.mx\/?p=59000","title":{"rendered":"FOMENTA POLIC\u00cdA VIAL CULTURA DE SEGURIDAD, SOSTENIBILIDAD E INCLUSI\u00d3N A M\u00c1S DE MIL 500 PERSONAS EN FESTIVAL VERANI\u00d1EZ 2025"},"content":{"rendered":"<p>\u2022 Se desarrollaron encuentros l\u00fadicos y pedag\u00f3gicos orientados a promover entre las infancias una movilidad responsable<\/p>\n<p>Oaxaca de Ju\u00e1rez, Oax. 1 de septiembre de 2025.- En el marco del Festival VeraNi\u00f1ez 2025, que se desarroll\u00f3 en el Parque Primavera Oaxaque\u00f1a Cho Ndob\u00e1; la Polic\u00eda Vial Estatal imparti\u00f3 30 pl\u00e1ticas y 45 sesiones de Fomento a la Lectura a favor de mil 557 personas.<\/p>\n<p>Con estas acciones se busca fortalecer el tejido social y garantizar el derecho a la movilidad con seguridad, sostenibilidad, inclusi\u00f3n e igualdad para la poblaci\u00f3n.<\/p>\n<p>Un total de 554 ni\u00f1as y 455 ni\u00f1os participaron en actividades l\u00fadicas y pedag\u00f3gicas orientadas a promover una cultura vial desde temprana edad, junto con sus familias, vivieron experiencias divertidas a bordo de veh\u00edculos tipo go karts que se utilizaron para estas din\u00e1micas.<\/p>\n<p>Las acciones, a cargo del \u00e1rea de Educaci\u00f3n Vial de esta corporaci\u00f3n, se realizaron con el apoyo de personal especializado, quienes brindaron informaci\u00f3n sobre seguridad, movilidad responsable y el respeto a las normas de tr\u00e1nsito dirigido a 548 personas.<\/p>\n<p>Con estas acciones, la Polic\u00eda Vial Estatal, que encabeza Toribio L\u00f3pez S\u00e1nchez, acerca a la ciudadan\u00eda informaci\u00f3n sobre comportamientos respetuosos y promoci\u00f3n de valores c\u00edvicos; que contribuyen a construir entornos m\u00e1s seguros para todas y todos.<\/p>\n<p><a href=\"https:\/\/www.sspo.gob.mx\/wp-content\/uploads\/2025\/09\/WhatsApp-Image-2025-09-01-at-18.05.56-1.jpeg\"><img loading=\"lazy\" decoding=\"async\" class=\"aligncenter size-full wp-image-59002\" src=\"https:\/\/www.sspo.gob.mx\/wp-content\/uploads\/2025\/09\/WhatsApp-Image-2025-09-01-at-18.05.56-1.jpeg\" alt=\"\" width=\"777\" height=\"537\" srcset=\"https:\/\/www.sspo.gob.mx\/wp-content\/uploads\/2025\/09\/WhatsApp-Image-2025-09-01-at-18.05.56-1.jpeg 777w, https:\/\/www.sspo.gob.mx\/wp-content\/uploads\/2025\/09\/WhatsApp-Image-2025-09-01-at-18.05.56-1-300x207.jpeg 300w, https:\/\/www.sspo.gob.mx\/wp-content\/uploads\/2025\/09\/WhatsApp-Image-2025-09-01-at-18.05.56-1-768x531.jpeg 768w, https:\/\/www.sspo.gob.mx\/wp-content\/uploads\/2025\/09\/WhatsApp-Image-2025-09-01-at-18.05.56-1-392x272.jpeg 392w, https:\/\/www.sspo.gob.mx\/wp-content\/uploads\/2025\/09\/WhatsApp-Image-2025-09-01-at-18.05.56-1-130x90.jpeg 130w\" sizes=\"(max-width: 777px) 100vw, 777px\" \/><\/a><\/p>\n<p><a href=\"https:\/\/www.sspo.gob.mx\/wp-content\/uploads\/2025\/09\/WhatsApp-Image-2025-09-01-at-18.05.56-3.jpeg\"><img loading=\"lazy\" decoding=\"async\" class=\"aligncenter size-full wp-image-59001\" src=\"https:\/\/www.sspo.gob.mx\/wp-content\/uploads\/2025\/09\/WhatsApp-Image-2025-09-01-at-18.05.56-3.jpeg\" alt=\"\" width=\"793\" height=\"634\" srcset=\"https:\/\/www.sspo.gob.mx\/wp-content\/uploads\/2025\/09\/WhatsApp-Image-2025-09-01-at-18.05.56-3.jpeg 793w, https:\/\/www.sspo.gob.mx\/wp-content\/uploads\/2025\/09\/WhatsApp-Image-2025-09-01-at-18.05.56-3-300x240.jpeg 300w, https:\/\/www.sspo.gob.mx\/wp-content\/uploads\/2025\/09\/WhatsApp-Image-2025-09-01-at-18.05.56-3-768x614.jpeg 768w\" sizes=\"(max-width: 793px) 100vw, 793px\" \/><\/a><\/p>\n<p>-0-<\/p>\n","protected":false},"excerpt":{"rendered":"<p>\u2022 Se desarrollaron encuentros l\u00fadicos y pedag\u00f3gicos orientados a promover entre las infancias una movilidad responsable Oaxaca de Ju\u00e1rez, Oax.<\/p>\n","protected":false},"author":2,"featured_media":59003,"comment_status":"closed","ping_status":"closed","sticky":false,"template":"","format":"standard","meta":{"footnotes":""},"categories":[7],"tags":[],"_links":{"self":[{"href":"https:\/\/www.sspo.gob.mx\/index.php?rest_route=\/wp\/v2\/posts\/59000"}],"collection":[{"href":"https:\/\/www.sspo.gob.mx\/index.php?rest_route=\/wp\/v2\/posts"}],"about":[{"href":"https:\/\/www.sspo.gob.mx\/index.php?rest_route=\/wp\/v2\/types\/post"}],"author":[{"embeddable":true,"href":"https:\/\/www.sspo.gob.mx\/index.php?rest_route=\/wp\/v2\/users\/2"}],"replies":[{"embeddable":true,"href":"https:\/\/www.sspo.gob.mx\/index.php?rest_route=%2Fwp%2Fv2%2Fcomments&post=59000"}],"version-history":[{"count":1,"href":"https:\/\/www.sspo.gob.mx\/index.php?rest_route=\/wp\/v2\/posts\/59000\/revisions"}],"predecessor-version":[{"id":59004,"href":"https:\/\/www.sspo.gob.mx\/index.php?rest_route=\/wp\/v2\/posts\/59000\/revisions\/59004"}],"wp:featuredmedia":[{"embeddable":true,"href":"https:\/\/www.sspo.gob.mx\/index.php?rest_route=\/wp\/v2\/media\/59003"}],"wp:attachment":[{"href":"https:\/\/www.sspo.gob.mx\/index.php?rest_route=%2Fwp%2Fv2%2Fmedia&parent=59000"}],"wp:term":[{"taxonomy":"category","embeddable":true,"href":"https:\/\/www.sspo.gob.mx\/index.php?rest_route=%2Fwp%2Fv2%2Fcategories&post=59000"},{"taxonomy":"post_tag","embeddable":true,"href":"https:\/\/www.sspo.gob.mx\/index.php?rest_route=%2Fwp%2Fv2%2Ftags&post=59000"}],"curies":[{"name":"wp","href":"https:\/\/api.w.org\/{rel}","templated":true}]}}